{"id":804,"date":"2017-01-22T20:04:59","date_gmt":"2017-01-22T19:04:59","guid":{"rendered":"http:\/\/www.parroquiavirgendelcortijo.es\/?p=804"},"modified":"2022-02-26T08:10:56","modified_gmt":"2022-02-26T07:10:56","slug":"peregrinacion-al-alto-aragon","status":"publish","type":"post","link":"https:\/\/www.parroquiavirgendelcortijo.es\/?p=804","title":{"rendered":"Peregrinaci\u00f3n al Alto Arag\u00f3n"},"content":{"rendered":"<p>Peregrinaci\u00f3n al Alto Arag\u00f3n \u2013 Huellas del Santo Grial, del 10 al 12 de marzo de 2017.<\/p>\n<h1>Programa<\/h1>\n<h2>Viernes 10 de marzo: Madrid-Huesca (390 km, 5 horas)<\/h2>\n<ul>\n<li>Salida desde la parroquia a las 18:00 horas. Paradas y <strong>cena libre<\/strong> en ruta. Llegada a Huesca, traslado al hotel, reparto de habitaciones y <strong>alojamiento<\/strong>.<\/li>\n<\/ul>\n<h2>S\u00e1bado 11 de marzo: Alto Arag\u00f3n.<\/h2>\n<ul>\n<li><strong>Desayuno en el hotel<\/strong>. Salida a las 8:00 horas.<\/li>\n<li>Visita de <strong>Ainsa<\/strong>. Considerado uno de los pueblos mis bellos de Espa\u00f1a, que ha conseguido mantener su aspecto medieval y defensivo. Importante sede de los Templarios, cuya apasionante historia conoceremos en este marco \u00fanico.<\/li>\n<li><strong>Alqu\u00e9zar<\/strong>. Es un espectacular e inolvidable pueblo aragon\u00e9s donde fueron martirizadas las hermanas Santa Alodia y Santa Nunilo a manos de los musulmanes por no apostatar su fe cristiana. Explicaci\u00f3n sobre el pasado y el presente del Islam. Recorrido por sus calles medievales y visita a la colegiata.<\/li>\n<li><strong>Eucarist\u00eda<\/strong> en la Parroquia Santa Mar\u00eda la Mayor de Alqu\u00e9zar.<\/li>\n<li><strong>Comida en restaurante<\/strong> en Alqu\u00e9zar.<\/li>\n<li>Visita al <strong>Monasterio de Santa Mar\u00eda de Sigena<\/strong>.<\/li>\n<li>Lugar impactante por su belleza, su historia y su espiritualidad regido actualmente por la familia mon\u00e1stica de Bel\u00e9n. Orden contemplativa de la familia cartujana de San Bruno. Una visita ineludible para descubrir serenamente la belleza y la profundidad de la fe. Oraci\u00f3n de V\u00edsperas con las hermanas.<\/li>\n<li>Regreso al hotel en Huesca.<\/li>\n<li><strong>Cena y alojamiento<\/strong>.<\/li>\n<\/ul>\n<h2>Domingo 12 de marzo: Huesca-Madrid (500 km, 6 horas y media).<\/h2>\n<ul>\n<li><strong>Desayuno en el hotel<\/strong>. Traslado a San Juan de la Pe\u00f1a.<\/li>\n<li>Visita al <strong>Monasterio de San Juan de la Pe\u00f1a<\/strong>, magnifico conjunto mon\u00e1stico rom\u00e1nico de una belleza ins\u00f3lita, pante\u00f3n de reyes y germen del reino de Arag\u00f3n. Seg\u00fan la tradici\u00f3n en este recinto se custodi\u00f3 el Santo Grial tra\u00eddo desde Roma por indicaci\u00f3n de San Lorenzo, di\u00e1cono m\u00e1rtir aragon\u00e9s.<\/li>\n<li>Celebraci\u00f3n de la <strong>Eucarist\u00eda<\/strong> en la Parroquia Santa Cruz de los Setos.<\/li>\n<li>Visita a <strong>Jaca<\/strong>, ciudad oscense enclavada en las estribaciones del Pirineo, llena de historia y arte, en la que destaca su ciudadela defensiva y su bella Catedral, que ha servido de modelo para muchos otros templos rom\u00e1nicos espa\u00f1oles.<\/li>\n<li>Sede donde se custodi\u00f3 el Santo Grial durante decenios.<\/li>\n<li><strong>Comida en restaurante en Jaca<\/strong>.<\/li>\n<li>Visita al <strong>Castillo de Loarre<\/strong>. En un estado de conservaci\u00f3n perfecto, esta impresionante fortaleza se mantiene firme como testimonio de las antiguas contiendas entre la cristiandad y el islam, cuyo resultado marco nuestra historia como pueblo.<\/li>\n<li>Traslado a <strong>Calatayud<\/strong>. Visita a la Juder\u00eda, importante aljama medieval jud\u00eda que todav\u00eda conserva su estructura e, incluso, la sinagoga menor,<\/li>\n<li>Retorno a casa. Llegada a Madrid. <strong>Fin de la peregrinaci\u00f3n y de nuestros servicios<\/strong>.<\/li>\n<\/ul>\n<h1>Detalles<\/h1>\n<h2>Precios por persona<\/h2>\n<ul>\n<li>Grupo de 50-54 personas: 210 \u20ac<\/li>\n<li>Grupo de 40-49\u00a0personas: 230 \u20ac<\/li>\n<li>Grupo de 30-39\u00a0personas: 260 \u20ac<\/li>\n<li>Suplemento individual: 50 \u20ac<\/li>\n<\/ul>\n<p><span style=\"font-size: 24px; font-weight: bold;\">El precio incluye<\/span><\/p>\n<ul>\n<li>Autocar de lujo durante todo el recorrido.<\/li>\n<li>2 noches de estancia en Hotel en Huesca,<\/li>\n<li>Visitas seg\u00fan itinerario y Entrada<\/li>\n<li>R\u00e9gimen de pensi\u00f3n completa (agua y vino incluidos)<\/li>\n<li>Seguro de viaje e impuestos.<\/li>\n<\/ul>\n<h2>El precio no incluye<\/h2>\n<ul>\n<li>Bebidas alcoh\u00f3licas y refrescos y caf\u00e9s en las comidas y cenas.<\/li>\n<li>Extras en los hoteles tales como llamadas telef\u00f3nicas, etc.<\/li>\n<li>Cualquier servicio no especificado en el apartado anterior.<\/li>\n<\/ul>\n<h2>\u00a0Notas importantes<\/h2>\n<ul>\n<li>El presente presupuesto no tiene car\u00e1cter vinculante.<\/li>\n<li>Los servicios incluidos en el mismo est\u00e1n sujetos a disponibilidad en el momento de realizar la reserva.<\/li>\n<li>Se requerir\u00e1 un dep\u00f3sito del 30% del total de la peregrinaci\u00f3n a la hora de la confirmaci\u00f3n.<\/li>\n<\/ul>\n<h2>Forma de pago<\/h2>\n<p>Ingresar en cuenta antes del 24 de febrero en la siguiente cuenta corriente:<\/p>\n<p>Titular: Parroquia Virgen del Cortijo Peregrinaciones<\/p>\n<p>IBAN: ES73 0049 4437 60 2510005943<\/p>\n<h1>M\u00e1s informaci\u00f3n<\/h1>\n<p>Llamar al padre \u00d3scar (638 730 187) o al despacho de la parroquia (91 766 30 81).<\/p>\n<p>&nbsp;<\/p>\n<p><span style=\"color: #808080;\">Imagen de <a href=\"https:\/\/flickr.com\/photos\/alainmuller\/361745911\/\" target=\"_blank\" rel=\"noopener\">Alain Muller<\/a>\u00a0en <a href=\"https:\/\/flickr.com\/photos\/alainmuller\/361745911\/\" target=\"_blank\" rel=\"noopener\">Flickr<\/a>. Encuadre y realce.\u00a0Licencia:\u00a0<a href=\"https:\/\/creativecommons.org\/licenses\/by-nc\/2.0\/deed.es\" target=\"_blank\" rel=\"noopener\">CC BY-NC 2.0<\/a>.<\/span><\/p>\n","protected":false},"excerpt":{"rendered":"<p>Peregrinaci\u00f3n al Alto Arag\u00f3n \u2013 Huellas del Santo Grial, del 10 al 12 de marzo de 2017. Programa Viernes 10 de marzo: Madrid-Huesca (390 km, 5 horas) Salida desde la &hellip; <a href=\"https:\/\/www.parroquiavirgendelcortijo.es\/?p=804\" class=\"more-link\">Seguir leyendo <span class=\"screen-reader-text\">Peregrinaci\u00f3n al Alto Arag\u00f3n<\/span> <span class=\"meta-nav\">&rarr;<\/span><\/a><\/p>\n","protected":false},"author":1,"featured_media":2905,"comment_status":"closed","ping_status":"closed","sticky":false,"template":"","format":"standard","meta":{"footnotes":""},"categories":[8],"tags":[15],"class_list":["post-804","post","type-post","status-publish","format-standard","has-post-thumbnail","hentry","category-actividades","tag-peregrinacion"],"jetpack_featured_media_url":"https:\/\/www.parroquiavirgendelcortijo.es\/wp-content\/uploads\/2017\/01\/gral-alquezar-dest.jpg","_links":{"self":[{"href":"https:\/\/www.parroquiavirgendelcortijo.es\/index.php?rest_route=\/wp\/v2\/posts\/804","targetHints":{"allow":["GET"]}}],"collection":[{"href":"https:\/\/www.parroquiavirgendelcortijo.es\/index.php?rest_route=\/wp\/v2\/posts"}],"about":[{"href":"https:\/\/www.parroquiavirgendelcortijo.es\/index.php?rest_route=\/wp\/v2\/types\/post"}],"author":[{"embeddable":true,"href":"https:\/\/www.parroquiavirgendelcortijo.es\/index.php?rest_route=\/wp\/v2\/users\/1"}],"replies":[{"embeddable":true,"href":"https:\/\/www.parroquiavirgendelcortijo.es\/index.php?rest_route=%2Fwp%2Fv2%2Fcomments&post=804"}],"version-history":[{"count":4,"href":"https:\/\/www.parroquiavirgendelcortijo.es\/index.php?rest_route=\/wp\/v2\/posts\/804\/revisions"}],"predecessor-version":[{"id":2906,"href":"https:\/\/www.parroquiavirgendelcortijo.es\/index.php?rest_route=\/wp\/v2\/posts\/804\/revisions\/2906"}],"wp:featuredmedia":[{"embeddable":true,"href":"https:\/\/www.parroquiavirgendelcortijo.es\/index.php?rest_route=\/wp\/v2\/media\/2905"}],"wp:attachment":[{"href":"https:\/\/www.parroquiavirgendelcortijo.es\/index.php?rest_route=%2Fwp%2Fv2%2Fmedia&parent=804"}],"wp:term":[{"taxonomy":"category","embeddable":true,"href":"https:\/\/www.parroquiavirgendelcortijo.es\/index.php?rest_route=%2Fwp%2Fv2%2Fcategories&post=804"},{"taxonomy":"post_tag","embeddable":true,"href":"https:\/\/www.parroquiavirgendelcortijo.es\/index.php?rest_route=%2Fwp%2Fv2%2Ftags&post=804"}],"curies":[{"name":"wp","href":"https:\/\/api.w.org\/{rel}","templated":true}]}}