{"id":795,"date":"2017-01-11T21:17:57","date_gmt":"2017-01-11T20:17:57","guid":{"rendered":"http:\/\/www.parroquiavirgendelcortijo.es\/?p=795"},"modified":"2021-10-09T09:06:47","modified_gmt":"2021-10-09T07:06:47","slug":"charla-educar-la-personalidad","status":"publish","type":"post","link":"https:\/\/www.parroquiavirgendelcortijo.es\/?p=795","title":{"rendered":"Charla: \u00abEducar la personalidad\u00bb"},"content":{"rendered":"<p>Segunda charla del ciclo de conferencias <em>\u201cLa familia, escuela de amor\u201d<\/em>. Este lunes, 16\u00a0de enero, a las 20:00,\u00a0<a href=\"https:\/\/twitter.com\/aguiladepiedra\" target=\"_blank\" rel=\"noopener\">Jes\u00fas Poveda<\/a>, m\u00e9dico y profesor de Medicina en la Universidad Aut\u00f3noma de Madrid, nos hablar\u00e1 sobre <em>\u00abEducar la personalidad. La autoridad y el afecto, dos caras de la misma moneda.\u00bb<\/em><\/p>\n<p>\u00a1Os esperamos!<\/p>\n","protected":false},"excerpt":{"rendered":"<p>Segunda charla del ciclo de conferencias \u201cLa familia, escuela de amor\u201d. Este lunes, 16\u00a0de enero, a las 20:00,\u00a0Jes\u00fas Poveda, m\u00e9dico y profesor de Medicina en la Universidad Aut\u00f3noma de Madrid, &hellip; <a href=\"https:\/\/www.parroquiavirgendelcortijo.es\/?p=795\" class=\"more-link\">Seguir leyendo <span class=\"screen-reader-text\">Charla: \u00abEducar la personalidad\u00bb<\/span> <span class=\"meta-nav\">&rarr;<\/span><\/a><\/p>\n","protected":false},"author":1,"featured_media":796,"comment_status":"closed","ping_status":"closed","sticky":false,"template":"","format":"standard","meta":{"footnotes":""},"categories":[8,35],"tags":[],"class_list":["post-795","post","type-post","status-publish","format-standard","has-post-thumbnail","hentry","category-actividades","category-p-familia"],"jetpack_featured_media_url":"https:\/\/www.parroquiavirgendelcortijo.es\/wp-content\/uploads\/2017\/01\/act-educarEnLaPersonalidad-dest.jpg","_links":{"self":[{"href":"https:\/\/www.parroquiavirgendelcortijo.es\/index.php?rest_route=\/wp\/v2\/posts\/795","targetHints":{"allow":["GET"]}}],"collection":[{"href":"https:\/\/www.parroquiavirgendelcortijo.es\/index.php?rest_route=\/wp\/v2\/posts"}],"about":[{"href":"https:\/\/www.parroquiavirgendelcortijo.es\/index.php?rest_route=\/wp\/v2\/types\/post"}],"author":[{"embeddable":true,"href":"https:\/\/www.parroquiavirgendelcortijo.es\/index.php?rest_route=\/wp\/v2\/users\/1"}],"replies":[{"embeddable":true,"href":"https:\/\/www.parroquiavirgendelcortijo.es\/index.php?rest_route=%2Fwp%2Fv2%2Fcomments&post=795"}],"version-history":[{"count":3,"href":"https:\/\/www.parroquiavirgendelcortijo.es\/index.php?rest_route=\/wp\/v2\/posts\/795\/revisions"}],"predecessor-version":[{"id":2569,"href":"https:\/\/www.parroquiavirgendelcortijo.es\/index.php?rest_route=\/wp\/v2\/posts\/795\/revisions\/2569"}],"wp:featuredmedia":[{"embeddable":true,"href":"https:\/\/www.parroquiavirgendelcortijo.es\/index.php?rest_route=\/wp\/v2\/media\/796"}],"wp:attachment":[{"href":"https:\/\/www.parroquiavirgendelcortijo.es\/index.php?rest_route=%2Fwp%2Fv2%2Fmedia&parent=795"}],"wp:term":[{"taxonomy":"category","embeddable":true,"href":"https:\/\/www.parroquiavirgendelcortijo.es\/index.php?rest_route=%2Fwp%2Fv2%2Fcategories&post=795"},{"taxonomy":"post_tag","embeddable":true,"href":"https:\/\/www.parroquiavirgendelcortijo.es\/index.php?rest_route=%2Fwp%2Fv2%2Ftags&post=795"}],"curies":[{"name":"wp","href":"https:\/\/api.w.org\/{rel}","templated":true}]}}