{"id":745,"date":"2016-11-29T00:30:30","date_gmt":"2016-11-28T23:30:30","guid":{"rendered":"http:\/\/www.parroquiavirgendelcortijo.es\/?p=745"},"modified":"2017-01-11T21:18:18","modified_gmt":"2017-01-11T20:18:18","slug":"programa-de-adviento-y-navidad-2016","status":"publish","type":"post","link":"https:\/\/www.parroquiavirgendelcortijo.es\/?p=745","title":{"rendered":"Programa de Adviento y Navidad 2016"},"content":{"rendered":"<h1>Rezo de Laudes<\/h1>\n<ul>\n<li>Desde el d\u00eda 28 y durante todo el Adviento, a las 6:30.<\/li>\n<\/ul>\n<h1>Operaci\u00f3n Kilo C\u00e1ritas-Navidad<\/h1>\n<ul>\n<li>28, 29 y 30 de noviembre, y 1 de diciembre.<\/li>\n<\/ul>\n<h1>Rastrillo misionero<\/h1>\n<ul>\n<li>26 y 27 de noviembre. 3, 4, 10 y 11 de diciembre.<\/li>\n<\/ul>\n<h1>Jueves, 1 de diciembre<\/h1>\n<ul>\n<li>20:30. Celebraci\u00f3n penitencial para toda la parroquia, al inicio del tiempo lit\u00fargico.<\/li>\n<\/ul>\n<h1>S\u00e1bado, 3\u00a0de diciembre<\/h1>\n<ul>\n<li>10:30. Montamos el bel\u00e9n.<\/li>\n<\/ul>\n<h1>Mi\u00e9rcoles, 7 de diciembre<\/h1>\n<ul>\n<li>19:00. Misa ordinaria de la tarde.<\/li>\n<li><span style=\"color: #ff0000;\"><strong>21:00. Misa &#8211; Vigilia de la Inmaculada.<\/strong><\/span><\/li>\n<\/ul>\n<h1>Jueves, 8 de diciembre, Solemnidad de la Inmaculada Concepci\u00f3n de Mar\u00eda Virgen<\/h1>\n<ul>\n<li>Misas a las 10:00, 12:00, 13:00 y 20:00.<\/li>\n<\/ul>\n<h1>S\u00e1bado, 17 de diciembre<\/h1>\n<ul>\n<li>11:00. Rezo de Laudes con los ni\u00f1os.<\/li>\n<li>12:00. Sembradores de estrellas. Felicitaremos la Navidad a los enfermos en el Hospital Madrid Norte Sanchinarro cantando villancicos y acompa\u00f1ados de los ni\u00f1os y padres que quieran.<\/li>\n<\/ul>\n<h1>Domingo, 18 de diciembre<\/h1>\n<ul>\n<li>18:00. Encuentro de coros:\n<ul>\n<li>Aires de la sierra<\/li>\n<li>Gospel Molotoff<\/li>\n<li>Inarm\u00f3nico<\/li>\n<\/ul>\n<\/li>\n<\/ul>\n<h1>Martes, 20 de diciembre. Festival de Navidad<\/h1>\n<ul>\n<li>18:30.Eucarist\u00eda con todas las familias, ni\u00f1os y catequistas. Celebraremos lit\u00fargicamente, de un modo anticipado, la Navidad.<\/li>\n<li>Festival de Navidad, a continuaci\u00f3n de la misa. Entrega de premios del concurso de felicitaciones navide\u00f1as (\u201ccrismas\u201c).<\/li>\n<\/ul>\n<h1>S\u00e1bado, 24 de diciembre<\/h1>\n<ul>\n<li>19:00. Misa vespertina y bendici\u00f3n del bel\u00e9n.<\/li>\n<li><strong><span style=\"color: #ff0000;\">24:00. Misa del Gallo<\/span><\/strong> (Nochebuena). Solemnidad de la Natividad del Se\u00f1or.<\/li>\n<\/ul>\n<h1>Domingo, 25 de diciembre, Navidad.\u00a0Solemnidad de la Natividad del Se\u00f1or<\/h1>\n<ul>\n<li><span style=\"color: #ff0000;\"><strong>Misas a las 12:00, 13:00 y 20:00.<\/strong><\/span><\/li>\n<\/ul>\n<h1>Viernes, 30\u00a0de diciembre<\/h1>\n<ul>\n<li>Fiesta de la Sagrada Familia: Jes\u00fas, Mar\u00eda y Jos\u00e9.<\/li>\n<li>Misas a las 10:00 y a las 19:00.<\/li>\n<li>19:30. Concierto de villancicos, por el grupo parroquial.<\/li>\n<\/ul>\n<h1>S\u00e1bado, 31 de diciembre<\/h1>\n<ul>\n<li>18:30. V\u00edsperas de Santa Mar\u00eda y Te Deum.<\/li>\n<li>19:00. Misa vespertina de la Solemnidad de Santa Mar\u00eda, Madre de Dios.<\/li>\n<\/ul>\n<h1>Domingo, 1 de enero, a\u00f1o nuevo. Solemnidad de Santa Mar\u00eda, Madre de Dios<\/h1>\n<ul>\n<li>Misas a las 12:00, 13:00 y 20:00.<\/li>\n<\/ul>\n<h1>Jueves, 5 de enero<\/h1>\n<ul>\n<li><span style=\"color: #ff0000;\"><strong>18:00. Eucarist\u00eda de la Epifan\u00eda y visita de los Reyes Magos a nuestra parroquia.<\/strong><\/span><\/li>\n<\/ul>\n<h1>Viernes, 6 de enero. Solemnidad de la Epifan\u00eda de Los Reyes Magos<\/h1>\n<ul>\n<li><span style=\"color: #ff0000;\"><strong>Misas a las 10:00, 12:00, 13:00 y 20:00.<\/strong><\/span><\/li>\n<\/ul>\n<h1>Domingo, 8 de enero. Fiesta del Bautismo del Se\u00f1or<\/h1>\n<ul>\n<li>Misas a las 10:00, 12:00, 13:00 y 20:00.<\/li>\n<\/ul>\n<blockquote><p>&nbsp;<\/p>\n<p>Para m\u00ed, la Natividad del Se\u00f1or es juntarse con Jes\u00fas y abrazarle como amigos. Saber que \u00c9l se sacrific\u00f3 por m\u00ed y por todos, que somos pecadores. Estar junto a \u00c9l y decirle lo mucho que lo quieres y saber, con facilidad, que \u00c9l te quiere tal como eres, porque \u00c9l es nuestro pastor, que cuida de todos nosotros, sus ovejillas.<\/p><\/blockquote>\n<p>&nbsp;<\/p>\n<p>Dibujo y redacci\u00f3n de Manuel Torres Ju\u00e1rez.<\/p>\n","protected":false},"excerpt":{"rendered":"<p>Rezo de Laudes Desde el d\u00eda 28 y durante todo el Adviento, a las 6:30. Operaci\u00f3n Kilo C\u00e1ritas-Navidad 28, 29 y 30 de noviembre, y 1 de diciembre. Rastrillo misionero &hellip; <a href=\"https:\/\/www.parroquiavirgendelcortijo.es\/?p=745\" class=\"more-link\">Seguir leyendo <span class=\"screen-reader-text\">Programa de Adviento y Navidad 2016<\/span> <span class=\"meta-nav\">&rarr;<\/span><\/a><\/p>\n","protected":false},"author":1,"featured_media":746,"comment_status":"closed","ping_status":"closed","sticky":false,"template":"","format":"standard","meta":{"footnotes":""},"categories":[8,9],"tags":[],"class_list":["post-745","post","type-post","status-publish","format-standard","has-post-thumbnail","hentry","category-actividades","category-pastoral"],"jetpack_featured_media_url":"https:\/\/www.parroquiavirgendelcortijo.es\/wp-content\/uploads\/2016\/11\/gral-felicitacionNavidad2016-dest.jpg","_links":{"self":[{"href":"https:\/\/www.parroquiavirgendelcortijo.es\/index.php?rest_route=\/wp\/v2\/posts\/745","targetHints":{"allow":["GET"]}}],"collection":[{"href":"https:\/\/www.parroquiavirgendelcortijo.es\/index.php?rest_route=\/wp\/v2\/posts"}],"about":[{"href":"https:\/\/www.parroquiavirgendelcortijo.es\/index.php?rest_route=\/wp\/v2\/types\/post"}],"author":[{"embeddable":true,"href":"https:\/\/www.parroquiavirgendelcortijo.es\/index.php?rest_route=\/wp\/v2\/users\/1"}],"replies":[{"embeddable":true,"href":"https:\/\/www.parroquiavirgendelcortijo.es\/index.php?rest_route=%2Fwp%2Fv2%2Fcomments&post=745"}],"version-history":[{"count":5,"href":"https:\/\/www.parroquiavirgendelcortijo.es\/index.php?rest_route=\/wp\/v2\/posts\/745\/revisions"}],"predecessor-version":[{"id":777,"href":"https:\/\/www.parroquiavirgendelcortijo.es\/index.php?rest_route=\/wp\/v2\/posts\/745\/revisions\/777"}],"wp:featuredmedia":[{"embeddable":true,"href":"https:\/\/www.parroquiavirgendelcortijo.es\/index.php?rest_route=\/wp\/v2\/media\/746"}],"wp:attachment":[{"href":"https:\/\/www.parroquiavirgendelcortijo.es\/index.php?rest_route=%2Fwp%2Fv2%2Fmedia&parent=745"}],"wp:term":[{"taxonomy":"category","embeddable":true,"href":"https:\/\/www.parroquiavirgendelcortijo.es\/index.php?rest_route=%2Fwp%2Fv2%2Fcategories&post=745"},{"taxonomy":"post_tag","embeddable":true,"href":"https:\/\/www.parroquiavirgendelcortijo.es\/index.php?rest_route=%2Fwp%2Fv2%2Ftags&post=745"}],"curies":[{"name":"wp","href":"https:\/\/api.w.org\/{rel}","templated":true}]}}