{"id":724,"date":"2016-10-20T00:09:44","date_gmt":"2016-10-19T22:09:44","guid":{"rendered":"http:\/\/www.parroquiavirgendelcortijo.es\/?p=724"},"modified":"2016-12-14T22:51:19","modified_gmt":"2016-12-14T21:51:19","slug":"loteria-de-navidad-2016","status":"publish","type":"post","link":"https:\/\/www.parroquiavirgendelcortijo.es\/?p=724","title":{"rendered":"Loter\u00eda de Navidad 2016"},"content":{"rendered":"<p><strong>68021<\/strong>. Ese es el n\u00famero de la suerte. Papeletas disponibles ya, en la\u00a0parroquia y tambi\u00e9n a trav\u00e9s de nuestros\u00a0colaboradores.<\/p>\n<p>\u00bfY si toca aqu\u00ed?<\/p>\n<p>&nbsp;<\/p>\n<p>Agradecemos el apoyo\u00a0de Azahar flores, Ferreter\u00eda Alonso, Carnicer\u00eda Higinio Mart\u00edn, Supermercados Villa de Madrid y Farmacia M\u00aa del Rosario G\u00f3mez Gonz\u00e1lez.<\/p>\n","protected":false},"excerpt":{"rendered":"<p>68021. Ese es el n\u00famero de la suerte. Papeletas disponibles ya, en la\u00a0parroquia y tambi\u00e9n a trav\u00e9s de nuestros\u00a0colaboradores. \u00bfY si toca aqu\u00ed? &nbsp; Agradecemos el apoyo\u00a0de Azahar flores, Ferreter\u00eda &hellip; <a href=\"https:\/\/www.parroquiavirgendelcortijo.es\/?p=724\" class=\"more-link\">Seguir leyendo <span class=\"screen-reader-text\">Loter\u00eda de Navidad 2016<\/span> <span class=\"meta-nav\">&rarr;<\/span><\/a><\/p>\n","protected":false},"author":1,"featured_media":725,"comment_status":"closed","ping_status":"closed","sticky":false,"template":"","format":"standard","meta":{"footnotes":""},"categories":[24],"tags":[],"class_list":["post-724","post","type-post","status-publish","format-standard","has-post-thumbnail","hentry","category-otros"],"jetpack_featured_media_url":"https:\/\/www.parroquiavirgendelcortijo.es\/wp-content\/uploads\/2016\/10\/gral-loteriaNavidad2016-dest.jpg","_links":{"self":[{"href":"https:\/\/www.parroquiavirgendelcortijo.es\/index.php?rest_route=\/wp\/v2\/posts\/724","targetHints":{"allow":["GET"]}}],"collection":[{"href":"https:\/\/www.parroquiavirgendelcortijo.es\/index.php?rest_route=\/wp\/v2\/posts"}],"about":[{"href":"https:\/\/www.parroquiavirgendelcortijo.es\/index.php?rest_route=\/wp\/v2\/types\/post"}],"author":[{"embeddable":true,"href":"https:\/\/www.parroquiavirgendelcortijo.es\/index.php?rest_route=\/wp\/v2\/users\/1"}],"replies":[{"embeddable":true,"href":"https:\/\/www.parroquiavirgendelcortijo.es\/index.php?rest_route=%2Fwp%2Fv2%2Fcomments&post=724"}],"version-history":[{"count":3,"href":"https:\/\/www.parroquiavirgendelcortijo.es\/index.php?rest_route=\/wp\/v2\/posts\/724\/revisions"}],"predecessor-version":[{"id":728,"href":"https:\/\/www.parroquiavirgendelcortijo.es\/index.php?rest_route=\/wp\/v2\/posts\/724\/revisions\/728"}],"wp:featuredmedia":[{"embeddable":true,"href":"https:\/\/www.parroquiavirgendelcortijo.es\/index.php?rest_route=\/wp\/v2\/media\/725"}],"wp:attachment":[{"href":"https:\/\/www.parroquiavirgendelcortijo.es\/index.php?rest_route=%2Fwp%2Fv2%2Fmedia&parent=724"}],"wp:term":[{"taxonomy":"category","embeddable":true,"href":"https:\/\/www.parroquiavirgendelcortijo.es\/index.php?rest_route=%2Fwp%2Fv2%2Fcategories&post=724"},{"taxonomy":"post_tag","embeddable":true,"href":"https:\/\/www.parroquiavirgendelcortijo.es\/index.php?rest_route=%2Fwp%2Fv2%2Ftags&post=724"}],"curies":[{"name":"wp","href":"https:\/\/api.w.org\/{rel}","templated":true}]}}