{"id":674,"date":"2016-10-04T22:30:23","date_gmt":"2016-10-04T20:30:23","guid":{"rendered":"http:\/\/www.parroquiavirgendelcortijo.es\/?p=674"},"modified":"2016-10-04T22:30:23","modified_gmt":"2016-10-04T20:30:23","slug":"carta-a-los-padres-de-ninos-en-catequesis","status":"publish","type":"post","link":"https:\/\/www.parroquiavirgendelcortijo.es\/?p=674","title":{"rendered":"Carta a los padres de ni\u00f1os en Catequesis"},"content":{"rendered":"<blockquote><p>Queridas familias:<\/p>\n<p>Deseo presentaros un saludo al inicio de este nuevo curso 2016-2017 y agradeceros el haber querido dar continuidad al proceso de la <strong>iniciaci\u00f3n cristiana<\/strong> de vuestros hijos.<\/p>\n<p>Permitirme decir una palabra sobre la familia que creo todos compart\u00eds:<\/p>\n<p><strong>La familia es un tesoro inmenso, una gracia particular para toda la Iglesia y para la sociedad entera<\/strong>. Es el lugar donde los hijos se sienten amados, muchas veces sin correspondencia alguna. All\u00ed pueden refugiarse en los momentos de fracaso personal, laboral, amoroso, pero en el fondo es el lugar donde pueden ser ellos mismos. Tambi\u00e9n reciben correcci\u00f3n, por supuesto. Este es el tesoro de la familia cristiana.<\/p>\n<p>Hay otros lazos m\u00e1s fuertes que los v\u00ednculos familiares y que nacen de la fe, y esto se vive en la <strong>Iglesia<\/strong>. <strong>Por la fe<\/strong>, viven en comuni\u00f3n los que Jesucristo ha hecho un solo cuerpo, a\u00fan siendo muy diversos.<\/p>\n<p>La <strong>transmisi\u00f3n de la fe<\/strong> es una tarea m\u00e1s que urgente, es vital para las nuevas generaciones, y para \u201cel mundo presente que est\u00e1 gimiendo\u201d, como dice San Pablo, \u201ccon dolores de parto, aguardando la plena manifestaci\u00f3n de los hijos de Dios\u201d. La fe nos da la certeza de ser amados por Dios de un modo \u00fanico y tiene como fruto la vida eterna.<\/p>\n<p>Para vosotros, padres y madres es una grand\u00edsima ayuda el <strong>redescubrir las riquezas de la fe y del bautismo<\/strong> que un d\u00eda recibisteis.<\/p>\n<p>Al comenzar este <strong>curso 2016-2017<\/strong> es una alegr\u00eda el poderos anunciar que comienza una <strong>Nueva Evangelizaci\u00f3n<\/strong>, que tan insistentemente pide el Papa Francisco.<\/p>\n<p>Os invito a asistir a estas <span style=\"color: #800000;\"><strong>CATEQUESIS PARA ADULTOS y J\u00d3VENES<\/strong><\/span>, <strong>e invitar a familiares que pens\u00e9is que les puede ser de ayuda<\/strong>. Comienzan el pr\u00f3ximo <span style=\"color: #800000;\"><strong>LUNES, 3 de OCTUBRE a las 20:00<\/strong><\/span>. <strong>Ser\u00e1n los lunes y jueves a la misma hora<\/strong>. Habr\u00e1 servicio de guarder\u00eda para los m\u00e1s peque\u00f1os.<\/p>\n<p>Aprovechad este tiempo de gracia y de paso del Se\u00f1or por vuestras vidas.<\/p>\n<p>Recibid la Bendici\u00f3n del Se\u00f1or<\/p>\n<p>\u00d3scar Alba<\/p>\n<p>P\u00e1rroco<\/p><\/blockquote>\n","protected":false},"excerpt":{"rendered":"<p>Queridas familias: Deseo presentaros un saludo al inicio de este nuevo curso 2016-2017 y agradeceros el haber querido dar continuidad al proceso de la iniciaci\u00f3n cristiana de vuestros hijos. Permitirme &hellip; <a href=\"https:\/\/www.parroquiavirgendelcortijo.es\/?p=674\" class=\"more-link\">Seguir leyendo <span class=\"screen-reader-text\">Carta a los padres de ni\u00f1os en Catequesis<\/span> <span class=\"meta-nav\">&rarr;<\/span><\/a><\/p>\n","protected":false},"author":1,"featured_media":0,"comment_status":"closed","ping_status":"closed","sticky":false,"template":"","format":"standard","meta":{"footnotes":""},"categories":[6],"tags":[],"class_list":["post-674","post","type-post","status-publish","format-standard","hentry","category-catequesis"],"jetpack_featured_media_url":"","_links":{"self":[{"href":"https:\/\/www.parroquiavirgendelcortijo.es\/index.php?rest_route=\/wp\/v2\/posts\/674","targetHints":{"allow":["GET"]}}],"collection":[{"href":"https:\/\/www.parroquiavirgendelcortijo.es\/index.php?rest_route=\/wp\/v2\/posts"}],"about":[{"href":"https:\/\/www.parroquiavirgendelcortijo.es\/index.php?rest_route=\/wp\/v2\/types\/post"}],"author":[{"embeddable":true,"href":"https:\/\/www.parroquiavirgendelcortijo.es\/index.php?rest_route=\/wp\/v2\/users\/1"}],"replies":[{"embeddable":true,"href":"https:\/\/www.parroquiavirgendelcortijo.es\/index.php?rest_route=%2Fwp%2Fv2%2Fcomments&post=674"}],"version-history":[{"count":1,"href":"https:\/\/www.parroquiavirgendelcortijo.es\/index.php?rest_route=\/wp\/v2\/posts\/674\/revisions"}],"predecessor-version":[{"id":675,"href":"https:\/\/www.parroquiavirgendelcortijo.es\/index.php?rest_route=\/wp\/v2\/posts\/674\/revisions\/675"}],"wp:attachment":[{"href":"https:\/\/www.parroquiavirgendelcortijo.es\/index.php?rest_route=%2Fwp%2Fv2%2Fmedia&parent=674"}],"wp:term":[{"taxonomy":"category","embeddable":true,"href":"https:\/\/www.parroquiavirgendelcortijo.es\/index.php?rest_route=%2Fwp%2Fv2%2Fcategories&post=674"},{"taxonomy":"post_tag","embeddable":true,"href":"https:\/\/www.parroquiavirgendelcortijo.es\/index.php?rest_route=%2Fwp%2Fv2%2Ftags&post=674"}],"curies":[{"name":"wp","href":"https:\/\/api.w.org\/{rel}","templated":true}]}}