{"id":600,"date":"2016-06-11T09:03:03","date_gmt":"2016-06-11T07:03:03","guid":{"rendered":"http:\/\/www.parroquiavirgendelcortijo.es\/?p=600"},"modified":"2022-02-26T08:15:10","modified_gmt":"2022-02-26T07:15:10","slug":"excursion-a-sepulveda","status":"publish","type":"post","link":"https:\/\/www.parroquiavirgendelcortijo.es\/?p=600","title":{"rendered":"Excursi\u00f3n a Sep\u00falveda"},"content":{"rendered":"<p>Este s\u00e1bado 25 de junio, tendremos nuestra tradicional excursi\u00f3n de fin de curso, esta vez a <a href=\"http:\/\/www.turismosepulveda.es\/\" target=\"_blank\" rel=\"noopener\">Sep\u00falveda<\/a>, en la provincia de Segovia, y oficialmente uno de los pueblos m\u00e1s bonitos de Espa\u00f1a.<\/p>\n<p>Celebraremos la eucarist\u00eda en el pueblo, comeremos en los alrededores (\u00a1hay que llevarse la comida de casa!) y visitaremos el nacimiento del r\u00edo Durat\u00f3n.<\/p>\n<p><a href=\"http:\/\/www.parroquiavirgendelcortijo.es\/wp-content\/uploads\/2016\/06\/8170541680_205de0ab43_z.jpg\"><img loading=\"lazy\" decoding=\"async\" class=\"aligncenter size-full wp-image-603\" src=\"http:\/\/www.parroquiavirgendelcortijo.es\/wp-content\/uploads\/2016\/06\/8170541680_205de0ab43_z.jpg\" alt=\"8170541680_205de0ab43_z\" width=\"640\" height=\"425\" srcset=\"https:\/\/www.parroquiavirgendelcortijo.es\/wp-content\/uploads\/2016\/06\/8170541680_205de0ab43_z.jpg 640w, https:\/\/www.parroquiavirgendelcortijo.es\/wp-content\/uploads\/2016\/06\/8170541680_205de0ab43_z-300x199.jpg 300w\" sizes=\"auto, (max-width: 640px) 100vw, 640px\" \/><\/a><\/p>\n<p>Iremos en autob\u00fas, que costar\u00e1\u00a0unos 10 euros para los adultos. Intentaremos que el precio para los ni\u00f1os sea un poco menor, pero depender\u00e1 de la proporci\u00f3n adultos\/ni\u00f1os.<\/p>\n<p>Toda la gente de la parroquia puede apuntarse: ni\u00f1os de catequesis y padres, catequistas, colaboradores de las diversas pastorales\u2026<\/p>\n<p>Para apuntaros, pasad por el despacho de la parroquia <a href=\"http:\/\/www.parroquiavirgendelcortijo.es\/?page_id=49\">a las horas habituales<\/a>.<\/p>\n<p>&nbsp;<\/p>\n<p><span style=\"color: #999999;\"><a href=\"https:\/\/www.flickr.com\/photos\/druidabruxux\/25772634855\/in\/photolist-Fgrurn-EoHWDR-Eb7PsH-Fd5Qyo-7gXUs7-Fozo7C-FpEjah-cv7nUo-71yiJH-71yt8M-71VFZ7-6ZUd3G-6ZQf3n-71yqeZ-71RynK-71ym2Z-71CsYN-71RHkn-6ZCavE-71yrAx-6ZQfjR-71Vzwm-7wVZ3B-6ZyasH-6ZUc1w-6Zy9MD-7x1zvC-6ZdXEG-6ZdWRC-dfi73-7rTvzt-6ZtBxS-71CrAW-9KwQbw-6suv93-6Zy97T-71RGdZ-6ZQdWe-71ykkT-71Ckvj-7wVHBD-9KtXBa-9KtQ5P-9KwNhf-71Rx3X-nwN5Cx-rgVSt-juFRto-9KtXBe-fLM4HW\" target=\"_blank\" rel=\"noopener\">Imagen<\/a> de\u00a0Jose Javier Martin Espartosa. Encuadre.\u00a0Licencia:\u00a0<a href=\"https:\/\/creativecommons.org\/licenses\/by-nc-sa\/2.0\/deed.es\" target=\"_blank\" rel=\"noopener\">CC BY-NC-SA 2.0<\/a>.<\/span><\/p>\n<p><span style=\"color: #999999;\"><a href=\"https:\/\/www.flickr.com\/photos\/jexweber\/8170541680\/in\/photolist-dsakQC-dsammq-dsam5L-dsadp2-dsamSN-dsakyQ-dsadPM-dsajwf-dsajHo-dsak7s-dsacaZ-dsajhQ-dsabHv-dsae9n-ds1aes-ds11mZ-ds1ahW-ds1av3-ds1aAs-ds19Em-ds112i-ds12at-ds1aoh-ds11UH-ds11e2-ds1a5E-drZZF2-ds19SC-ds12eB-drZZXx-drZZHr-ds1aTm-ds1214-ds19Wd-xRG3dd-ds1b8d-ds19yJ-rL8uiS\" target=\"_blank\" rel=\"noopener\">Imagen<\/a> de Jes\u00fas P\u00e9rez Pacheco.\u00a0Licencia:\u00a0<a href=\"https:\/\/creativecommons.org\/licenses\/by-nc-nd\/2.0\/deed.es\" target=\"_blank\" rel=\"noopener\">CC BY-NC-ND 2.0<\/a>.<\/span><\/p>\n","protected":false},"excerpt":{"rendered":"<p>Este s\u00e1bado 25 de junio, tendremos nuestra tradicional excursi\u00f3n de fin de curso, esta vez a Sep\u00falveda, en la provincia de Segovia, y oficialmente uno de los pueblos m\u00e1s bonitos &hellip; <a href=\"https:\/\/www.parroquiavirgendelcortijo.es\/?p=600\" class=\"more-link\">Seguir leyendo <span class=\"screen-reader-text\">Excursi\u00f3n a Sep\u00falveda<\/span> <span class=\"meta-nav\">&rarr;<\/span><\/a><\/p>\n","protected":false},"author":1,"featured_media":601,"comment_status":"closed","ping_status":"closed","sticky":false,"template":"","format":"standard","meta":{"footnotes":""},"categories":[8],"tags":[],"class_list":["post-600","post","type-post","status-publish","format-standard","has-post-thumbnail","hentry","category-actividades"],"jetpack_featured_media_url":"https:\/\/www.parroquiavirgendelcortijo.es\/wp-content\/uploads\/2016\/06\/act-excursionSepulveda-dest.jpg","_links":{"self":[{"href":"https:\/\/www.parroquiavirgendelcortijo.es\/index.php?rest_route=\/wp\/v2\/posts\/600","targetHints":{"allow":["GET"]}}],"collection":[{"href":"https:\/\/www.parroquiavirgendelcortijo.es\/index.php?rest_route=\/wp\/v2\/posts"}],"about":[{"href":"https:\/\/www.parroquiavirgendelcortijo.es\/index.php?rest_route=\/wp\/v2\/types\/post"}],"author":[{"embeddable":true,"href":"https:\/\/www.parroquiavirgendelcortijo.es\/index.php?rest_route=\/wp\/v2\/users\/1"}],"replies":[{"embeddable":true,"href":"https:\/\/www.parroquiavirgendelcortijo.es\/index.php?rest_route=%2Fwp%2Fv2%2Fcomments&post=600"}],"version-history":[{"count":4,"href":"https:\/\/www.parroquiavirgendelcortijo.es\/index.php?rest_route=\/wp\/v2\/posts\/600\/revisions"}],"predecessor-version":[{"id":2909,"href":"https:\/\/www.parroquiavirgendelcortijo.es\/index.php?rest_route=\/wp\/v2\/posts\/600\/revisions\/2909"}],"wp:featuredmedia":[{"embeddable":true,"href":"https:\/\/www.parroquiavirgendelcortijo.es\/index.php?rest_route=\/wp\/v2\/media\/601"}],"wp:attachment":[{"href":"https:\/\/www.parroquiavirgendelcortijo.es\/index.php?rest_route=%2Fwp%2Fv2%2Fmedia&parent=600"}],"wp:term":[{"taxonomy":"category","embeddable":true,"href":"https:\/\/www.parroquiavirgendelcortijo.es\/index.php?rest_route=%2Fwp%2Fv2%2Fcategories&post=600"},{"taxonomy":"post_tag","embeddable":true,"href":"https:\/\/www.parroquiavirgendelcortijo.es\/index.php?rest_route=%2Fwp%2Fv2%2Ftags&post=600"}],"curies":[{"name":"wp","href":"https:\/\/api.w.org\/{rel}","templated":true}]}}