{"id":564,"date":"2016-03-27T09:49:45","date_gmt":"2016-03-27T07:49:45","guid":{"rendered":"http:\/\/www.parroquiavirgendelcortijo.es\/?p=564"},"modified":"2016-09-14T00:14:44","modified_gmt":"2016-09-13T22:14:44","slug":"jesus-ha-resucitado","status":"publish","type":"post","link":"https:\/\/www.parroquiavirgendelcortijo.es\/?p=564","title":{"rendered":"\u00a1Jes\u00fas ha resucitado!"},"content":{"rendered":"<blockquote><p>El Esp\u00edritu Santo infunde la aut\u00e9ntica fuerza de la vida, que no consiste en la ausencia de problemas, sino en la seguridad de que Cristo, que por nosotros ha vencido el pecado, la muerte y el temor, siempre nos ama y nos perdona. Hoy es la fiesta de nuestra esperanza, la celebraci\u00f3n de esta certeza: nada ni nadie nos podr\u00e1 apartar nunca de su amor. El Se\u00f1or est\u00e1 vivo y quiere que lo busquemos entre los vivos.<\/p>\n<p style=\"text-align: right;\">Papa Francisco I, <a href=\"https:\/\/www.aciprensa.com\/noticias\/texto-completo-homilia-del-papa-francisco-en-la-vigilia-pascual-2016-89250\/\" target=\"_blank\">Vigilia Pascual 2016<\/a><\/p>\n<\/blockquote>\n<p style=\"text-align: left;\"><span style=\"color: #999999;\">Imagen: <em>La Resurrecci\u00f3n<\/em>, de Sebastiano Ricci. <a href=\"https:\/\/www.google.com\/culturalinstitute\/asset-viewer\/the-resurrection\/tQHq59QnvfBeVA?hl=es&amp;projectId=art-project\" target=\"_blank\">Google Art Project<\/a>.<\/span><\/p>\n","protected":false},"excerpt":{"rendered":"<p>El Esp\u00edritu Santo infunde la aut\u00e9ntica fuerza de la vida, que no consiste en la ausencia de problemas, sino en la seguridad de que Cristo, que por nosotros ha vencido &hellip; <a href=\"https:\/\/www.parroquiavirgendelcortijo.es\/?p=564\" class=\"more-link\">Seguir leyendo <span class=\"screen-reader-text\">\u00a1Jes\u00fas ha resucitado!<\/span> <span class=\"meta-nav\">&rarr;<\/span><\/a><\/p>\n","protected":false},"author":1,"featured_media":565,"comment_status":"closed","ping_status":"closed","sticky":false,"template":"","format":"standard","meta":{"footnotes":""},"categories":[9],"tags":[],"class_list":["post-564","post","type-post","status-publish","format-standard","has-post-thumbnail","hentry","category-pastoral"],"jetpack_featured_media_url":"https:\/\/www.parroquiavirgendelcortijo.es\/wp-content\/uploads\/2016\/03\/gral-resurreccion-dest.jpg","_links":{"self":[{"href":"https:\/\/www.parroquiavirgendelcortijo.es\/index.php?rest_route=\/wp\/v2\/posts\/564","targetHints":{"allow":["GET"]}}],"collection":[{"href":"https:\/\/www.parroquiavirgendelcortijo.es\/index.php?rest_route=\/wp\/v2\/posts"}],"about":[{"href":"https:\/\/www.parroquiavirgendelcortijo.es\/index.php?rest_route=\/wp\/v2\/types\/post"}],"author":[{"embeddable":true,"href":"https:\/\/www.parroquiavirgendelcortijo.es\/index.php?rest_route=\/wp\/v2\/users\/1"}],"replies":[{"embeddable":true,"href":"https:\/\/www.parroquiavirgendelcortijo.es\/index.php?rest_route=%2Fwp%2Fv2%2Fcomments&post=564"}],"version-history":[{"count":3,"href":"https:\/\/www.parroquiavirgendelcortijo.es\/index.php?rest_route=\/wp\/v2\/posts\/564\/revisions"}],"predecessor-version":[{"id":589,"href":"https:\/\/www.parroquiavirgendelcortijo.es\/index.php?rest_route=\/wp\/v2\/posts\/564\/revisions\/589"}],"wp:featuredmedia":[{"embeddable":true,"href":"https:\/\/www.parroquiavirgendelcortijo.es\/index.php?rest_route=\/wp\/v2\/media\/565"}],"wp:attachment":[{"href":"https:\/\/www.parroquiavirgendelcortijo.es\/index.php?rest_route=%2Fwp%2Fv2%2Fmedia&parent=564"}],"wp:term":[{"taxonomy":"category","embeddable":true,"href":"https:\/\/www.parroquiavirgendelcortijo.es\/index.php?rest_route=%2Fwp%2Fv2%2Fcategories&post=564"},{"taxonomy":"post_tag","embeddable":true,"href":"https:\/\/www.parroquiavirgendelcortijo.es\/index.php?rest_route=%2Fwp%2Fv2%2Ftags&post=564"}],"curies":[{"name":"wp","href":"https:\/\/api.w.org\/{rel}","templated":true}]}}