{"id":551,"date":"2016-02-26T23:32:47","date_gmt":"2016-02-26T22:32:47","guid":{"rendered":"http:\/\/www.parroquiavirgendelcortijo.es\/?p=551"},"modified":"2016-03-27T09:50:12","modified_gmt":"2016-03-27T07:50:12","slug":"cuaresma-2016","status":"publish","type":"post","link":"https:\/\/www.parroquiavirgendelcortijo.es\/?p=551","title":{"rendered":"Cuaresma 2016"},"content":{"rendered":"<blockquote><p>Si quer\u00e9is emular a Dios, puesto que hab\u00e9is sido creados a su imagen, imitad su ejemplo.<\/p>\n<p>Vosotros, que sois cristianos, que con vuestro mismo nombre est\u00e1is proclamando la bondad, imitad la caridad de Cristo.<\/p>\n<p>Pensad en los tesoros de su benignidad, pues, habiendo de venir como hombre a los hombres, envi\u00f3 previamente a Juan como heraldo y ejemplo de penitencia, y, por delante de Juan, envi\u00f3 a todos los profetas, para que indujeran a los hombres a convertirse, a volver al buen camino y a vivir una vida fecunda.<\/p>\n<p>Luego, se present\u00f3 \u00c9l mismo, y clamaba con su propia voz: \u00abVenid a m\u00ed todos los que est\u00e1is cansados y agobiados, y yo os aliviar\u00e9\u00bb. \u00bfY c\u00f3mo acogi\u00f3 a los que escucharon su voz? Les concedi\u00f3 un pronto perd\u00f3n de sus pecados, y los liber\u00f3 en un instante de sus ansiedades: la Palabra los hizo santos, el Esp\u00edritu los confirm\u00f3, el hombre viejo qued\u00f3 sepultado en el agua, el nuevo hombre floreci\u00f3 por la gracia. \u00bfY qu\u00e9 ocurri\u00f3 a continuaci\u00f3n? El que hab\u00eda sido enemigo se convirti\u00f3 en amigo, el extra\u00f1o result\u00f3 ser hijo, el profano vino a ser sagrado y piadoso.<\/p>\n<p>Imitemos el estilo pastoral que emple\u00f3 el mismo Se\u00f1or; contemplemos los evangelios, y, al ver all\u00ed, como en un espejo, aquel ejemplo de diligencia y benignidad, tratemos de aprender estas virtudes.<\/p><\/blockquote>\n<p style=\"text-align: right;\">De las Homil\u00edas de San Asterio de Amasea, Obispo<\/p>\n","protected":false},"excerpt":{"rendered":"<p>Si quer\u00e9is emular a Dios, puesto que hab\u00e9is sido creados a su imagen, imitad su ejemplo. Vosotros, que sois cristianos, que con vuestro mismo nombre est\u00e1is proclamando la bondad, imitad &hellip; <a href=\"https:\/\/www.parroquiavirgendelcortijo.es\/?p=551\" class=\"more-link\">Seguir leyendo <span class=\"screen-reader-text\">Cuaresma 2016<\/span> <span class=\"meta-nav\">&rarr;<\/span><\/a><\/p>\n","protected":false},"author":1,"featured_media":552,"comment_status":"closed","ping_status":"closed","sticky":false,"template":"","format":"standard","meta":{"footnotes":""},"categories":[9],"tags":[],"class_list":["post-551","post","type-post","status-publish","format-standard","has-post-thumbnail","hentry","category-pastoral"],"jetpack_featured_media_url":"https:\/\/www.parroquiavirgendelcortijo.es\/wp-content\/uploads\/2016\/02\/gral-cuaresma2016-dest.jpg","_links":{"self":[{"href":"https:\/\/www.parroquiavirgendelcortijo.es\/index.php?rest_route=\/wp\/v2\/posts\/551","targetHints":{"allow":["GET"]}}],"collection":[{"href":"https:\/\/www.parroquiavirgendelcortijo.es\/index.php?rest_route=\/wp\/v2\/posts"}],"about":[{"href":"https:\/\/www.parroquiavirgendelcortijo.es\/index.php?rest_route=\/wp\/v2\/types\/post"}],"author":[{"embeddable":true,"href":"https:\/\/www.parroquiavirgendelcortijo.es\/index.php?rest_route=\/wp\/v2\/users\/1"}],"replies":[{"embeddable":true,"href":"https:\/\/www.parroquiavirgendelcortijo.es\/index.php?rest_route=%2Fwp%2Fv2%2Fcomments&post=551"}],"version-history":[{"count":2,"href":"https:\/\/www.parroquiavirgendelcortijo.es\/index.php?rest_route=\/wp\/v2\/posts\/551\/revisions"}],"predecessor-version":[{"id":554,"href":"https:\/\/www.parroquiavirgendelcortijo.es\/index.php?rest_route=\/wp\/v2\/posts\/551\/revisions\/554"}],"wp:featuredmedia":[{"embeddable":true,"href":"https:\/\/www.parroquiavirgendelcortijo.es\/index.php?rest_route=\/wp\/v2\/media\/552"}],"wp:attachment":[{"href":"https:\/\/www.parroquiavirgendelcortijo.es\/index.php?rest_route=%2Fwp%2Fv2%2Fmedia&parent=551"}],"wp:term":[{"taxonomy":"category","embeddable":true,"href":"https:\/\/www.parroquiavirgendelcortijo.es\/index.php?rest_route=%2Fwp%2Fv2%2Fcategories&post=551"},{"taxonomy":"post_tag","embeddable":true,"href":"https:\/\/www.parroquiavirgendelcortijo.es\/index.php?rest_route=%2Fwp%2Fv2%2Ftags&post=551"}],"curies":[{"name":"wp","href":"https:\/\/api.w.org\/{rel}","templated":true}]}}