{"id":487,"date":"2016-02-16T00:01:20","date_gmt":"2016-02-15T23:01:20","guid":{"rendered":"http:\/\/www.parroquiavirgendelcortijo.es\/?p=487"},"modified":"2016-02-23T21:55:07","modified_gmt":"2016-02-23T20:55:07","slug":"fiesta-parroquial-xxv-aniversario","status":"publish","type":"post","link":"https:\/\/www.parroquiavirgendelcortijo.es\/?p=487","title":{"rendered":"Fiesta parroquial XXV aniversario"},"content":{"rendered":"<p>En 2016 se cumplen 25 a\u00f1os de la consagraci\u00f3n de nuestra parroquia. Con ese motivo, celebraremos las siguientes actividades:<\/p>\n<h1>Triduo de preparaci\u00f3n a la fiesta<\/h1>\n<p>Los d\u00edas 18, 19 y 20 de febrero&#8230;<\/p>\n<ul>\n<li>A las <strong>18:00<\/strong> rezaremos el rosario y las v\u00edsperas de santa Mar\u00eda.<\/li>\n<li>A las <strong>19:00<\/strong> ser\u00e1 la misa y el canto del himno a la Virgen del Cortijo.<\/li>\n<\/ul>\n<h1>Fiesta XXV aniversario<\/h1>\n<p>El domingo, 21 de febrero, \u00a0tendr\u00e1 lugar\u00a0la fiesta del XXV aniversario de la consagraci\u00f3n de la parroquia.<\/p>\n<ul>\n<li>A las <strong>11:00<\/strong>, procesi\u00f3n. Saldremos desde la plaza de la parroquia hacia la avenida de Manoteras, bajaremos por la calle O\u00f1a y volveremos a la parroquia tambi\u00e9n por la avenida de Manoteras.<\/li>\n<li>A las <strong>12:00<\/strong>, eucarist\u00eda solemne. Los ni\u00f1os de catequesis participar\u00e1n con una oraci\u00f3n, encomend\u00e1ndonos todos a la Virgen.<\/li>\n<li>A las <strong>13:00<\/strong>, juegos en la plaza. Ni\u00f1os y mayores podr\u00e1n divertirse con juegos preparados para la ocasi\u00f3n, incluyendo el <a href=\"http:\/\/www.parroquiavirgendelcortijo.es\/?p=477\">Concurso gastron\u00f3mico XXV aniversario<\/a>, en modalidades de adultos y ni\u00f1os. Habr\u00e1\u00a0un castillo hinchable, perritos calientes y \u00a0hasta rifaremos un jam\u00f3n.<\/li>\n<\/ul>\n<p><strong>\u00a1NO FALT\u00c9IS!<\/strong><\/p>\n<h1>Himno a la Virgen del Cortijo<\/h1>\n<blockquote><p>Que\u0301 hermosa sois, oh Virgen del Cortijo<br \/>\nel mismo Dios, formo\u0301 tanta beldad;<br \/>\nte viste el sol, tus pies calza la luna<br \/>\ntu sien de estrellas, coronada esta\u0301.<br \/>\nTie\u0301ndeme, oh Madre, una mirada<br \/>\nde paz y amor me llene el corazo\u0301n<br \/>\ny con la fe que tu gracia me inspira<br \/>\nensalzare\u0301 tu pura Concepcio\u0301n. (bis)<br \/>\nQue\u0301 hermosa sois, oh Virgen del Cortijo<br \/>\nel mismo Dios, formo\u0301 tanta beldad;<br \/>\nte viste el sol, tus pies calza la luna<br \/>\ntu sien de estrellas, coronada esta\u0301<\/p>\n<p>&nbsp;<\/p><\/blockquote>\n<p><span style=\"color: #000000;\"><strong>Nota<\/strong><\/span>: este domingo 21 no habr\u00e1 misa de 11:00 en el hospital, ni misa de 13:00 en la parroquia.<\/p>\n","protected":false},"excerpt":{"rendered":"<p>En 2016 se cumplen 25 a\u00f1os de la consagraci\u00f3n de nuestra parroquia. Con ese motivo, celebraremos las siguientes actividades: Triduo de preparaci\u00f3n a la fiesta Los d\u00edas 18, 19 y &hellip; <a href=\"https:\/\/www.parroquiavirgendelcortijo.es\/?p=487\" class=\"more-link\">Seguir leyendo <span class=\"screen-reader-text\">Fiesta parroquial XXV aniversario<\/span> <span class=\"meta-nav\">&rarr;<\/span><\/a><\/p>\n","protected":false},"author":1,"featured_media":488,"comment_status":"closed","ping_status":"closed","sticky":false,"template":"","format":"standard","meta":{"footnotes":""},"categories":[8],"tags":[],"class_list":["post-487","post","type-post","status-publish","format-standard","has-post-thumbnail","hentry","category-actividades"],"jetpack_featured_media_url":"https:\/\/www.parroquiavirgendelcortijo.es\/wp-content\/uploads\/2016\/02\/act-xxvAniversario-dest.jpg","_links":{"self":[{"href":"https:\/\/www.parroquiavirgendelcortijo.es\/index.php?rest_route=\/wp\/v2\/posts\/487","targetHints":{"allow":["GET"]}}],"collection":[{"href":"https:\/\/www.parroquiavirgendelcortijo.es\/index.php?rest_route=\/wp\/v2\/posts"}],"about":[{"href":"https:\/\/www.parroquiavirgendelcortijo.es\/index.php?rest_route=\/wp\/v2\/types\/post"}],"author":[{"embeddable":true,"href":"https:\/\/www.parroquiavirgendelcortijo.es\/index.php?rest_route=\/wp\/v2\/users\/1"}],"replies":[{"embeddable":true,"href":"https:\/\/www.parroquiavirgendelcortijo.es\/index.php?rest_route=%2Fwp%2Fv2%2Fcomments&post=487"}],"version-history":[{"count":6,"href":"https:\/\/www.parroquiavirgendelcortijo.es\/index.php?rest_route=\/wp\/v2\/posts\/487\/revisions"}],"predecessor-version":[{"id":510,"href":"https:\/\/www.parroquiavirgendelcortijo.es\/index.php?rest_route=\/wp\/v2\/posts\/487\/revisions\/510"}],"wp:featuredmedia":[{"embeddable":true,"href":"https:\/\/www.parroquiavirgendelcortijo.es\/index.php?rest_route=\/wp\/v2\/media\/488"}],"wp:attachment":[{"href":"https:\/\/www.parroquiavirgendelcortijo.es\/index.php?rest_route=%2Fwp%2Fv2%2Fmedia&parent=487"}],"wp:term":[{"taxonomy":"category","embeddable":true,"href":"https:\/\/www.parroquiavirgendelcortijo.es\/index.php?rest_route=%2Fwp%2Fv2%2Fcategories&post=487"},{"taxonomy":"post_tag","embeddable":true,"href":"https:\/\/www.parroquiavirgendelcortijo.es\/index.php?rest_route=%2Fwp%2Fv2%2Ftags&post=487"}],"curies":[{"name":"wp","href":"https:\/\/api.w.org\/{rel}","templated":true}]}}