{"id":389,"date":"2016-01-29T00:08:04","date_gmt":"2016-01-28T23:08:04","guid":{"rendered":"http:\/\/www.parroquiavirgendelcortijo.es\/?p=389"},"modified":"2016-01-29T00:20:59","modified_gmt":"2016-01-28T23:20:59","slug":"madrimana","status":"publish","type":"post","link":"https:\/\/www.parroquiavirgendelcortijo.es\/?p=389","title":{"rendered":"MADRIMAN\u00c1"},"content":{"rendered":"<h1 style=\"text-align: left;\">V Muestra Internacional de Cine y Realidades que Inspiran<u><\/u><u><\/u><\/h1>\n<h3 style=\"text-align: left;\" align=\"center\">\u00c1brete a la sorpresa de un gran amor<u><\/u><\/h3>\n<p style=\"text-align: left;\"><strong>Del 11 al 20 de febrero se celebra MADRIMAN\u00c1<\/strong>,\u00a0 V edici\u00f3n de la Muestra Internacional de Cine y Realidades que Inspiran, cita imprescindible en Madrid con un festival \u00a0educativo y cultural donde disfrutar de cine, m\u00fasica, arte, magia y encuentros con personas excepcionales. Las actividades de Madriman\u00e1 tendr\u00e1n lugar en\u00a0 Cines Dreams Palacio de Hielo y son de acceso gratuito previa solicitud de butacas para las tardes noches en\u00a0<a href=\"https:\/\/goo.gl\/Rc2oDH\" target=\"_blank\">https:\/\/goo.gl\/Rc2oDH<\/a>\u00a0y para las matinales en\u00a0<a href=\"https:\/\/goo.gl\/kRhy2S\" target=\"_blank\">https:\/\/goo.gl\/kRhy2S<\/a>.<\/p>\n<p style=\"text-align: left;\"><!--more--><\/p>\n<p>Bajo el lema,\u00a0<em><b>Misericordia: \u00c1brete a la sorpresa de un gran amor<\/b><\/em>, Madriman\u00e1 invita al p\u00fablico a descubrir la belleza de una fe que le manifiesta un Dios amoroso y cercano.\u00a0El cristianismo no puede limitarse a ser entendido como una ideolog\u00eda o un pensamiento; no puede considerarse simplemente como una pr\u00e1ctica o una moral sino que es, fundamentalmente, esta experiencia de ser amados y de llevarnos por este amor a entregar la vida, poni\u00e9ndonos al servicio de la humanidad.<u><\/u><u><\/u><\/p>\n<p>Esta V edici\u00f3n de la\u00a0<strong>Muestra Internacional de Cine y Realidades que Inspiran<\/strong>\u00a0propone al p\u00fablico veintiuna pel\u00edculas, nueve de ellas preestrenos, conciertos, actividades de magia para la familia, lecturas dramatizadas, conferencias\u00a0 con diferentes protagonistas y encuentros con personas que viven experiencias inspiradoras de entrega y misericordia a los dem\u00e1s,\u00a0ofreciendo, con mayor intensidad, los signos de la presencia y de la cercan\u00eda de Dios.<u><\/u><u><\/u><\/p>\n<h2><strong>Conferencias-Encuentros<\/strong><u><\/u><\/h2>\n<p>Elena Furiase y Ra\u00fal Escudero, protagonistas de\u00a0<em>Poveda<\/em>; Sor Carmen Se\u00f1or, de las Siervas de Jes\u00fas, el medallista ol\u00edmpico Enhamed Enhamed, el profesor Eduardo Rosell\u00f3, el sacerdote Pablo D\u2019Ors, Ibone Olza, Carmela Baeza y refugiados de Ayuda a la Iglesia Necesitada son algunos de los protagonistas de las conferencias y encuentros de la programaci\u00f3n.<u><\/u><u><\/u><\/p>\n<h2><strong>Preestrenos<\/strong><u><\/u><\/h2>\n<p>La cinta italiana\u00a0<em>Si Dios quiere<\/em>, la brasile\u00f1a\u00a0<em>El profesor de viol\u00edn<\/em>, la norteamericana\u00a0<em>Llena eres de gracia<\/em>, la coproducci\u00f3n con Corea,\u00a0<em>The Drop Box<\/em>, la espa\u00f1ola\u00a0<em>Poveda<\/em>, la cinta familiar\u00a0<em>El inventor de juegos<\/em>\u00a0y la superproducci\u00f3n\u00a0<em>Resucitado<\/em>, son los \u00e9xitos del 2016 que se presentan en calidad de preestrenos en las tardes-noches de Madriman\u00e1.<u><\/u><u><\/u><\/p>\n<h2><strong>Actividades educativas y culturales<\/strong><u><\/u><\/h2>\n<p>Madriman\u00e1 cuenta en su programaci\u00f3n con conciertos, espect\u00e1culos de magia y lecturas dramatizadas. Todas ellas, actividades especialmente dirigidas a toda la familia y adaptadas a colectivos de movilidad reducida. Tambi\u00e9n habr\u00e1 proyecciones organizadas junto a la Pastoral de Sordos.\u00a0<u><\/u><u><\/u><\/p>\n<h2><strong>Premio MADRIMAN\u00c1<\/strong><u><\/u><u><\/u><\/h2>\n<p>El nominado al Oscar por\u00a0<em>Shakespeare in Love<\/em>, Joseph Fiennes, ser\u00e1 galardonado con el Premio Madriman\u00e1 2016. El actor protagoniza\u00a0<em>Resucitado<\/em>, uno de los grandes preestrenos de la programaci\u00f3n.\u00a0<em>Resucitado<\/em>\u00a0se estrenar\u00e1 en cines de toda Espa\u00f1a el 23 de marzo.<u><\/u><u><\/u><\/p>\n<h2><strong>Matinales<\/strong><u><\/u><\/h2>\n<p>Las matinales educativas, donde ya hay inscritas m\u00e1s de ocho mil escolares, contar\u00e1n con un momento especial de encuentro con el medallista ol\u00edmpico Enhamed Enhamed; con los preestrenos de\u00a0<em>Zootr\u00f3polis<\/em>\u00a0y\u00a0<em>El ni\u00f1o y El mundo<\/em>\u00a0y la proyecci\u00f3n de las galardonadas\u00a0<em>Marte, Del rev\u00e9s, La familia Beli\u00e9r, Little Boy, Camino a la escuela, Francisco. El padre Jorge, El viaje de Arlo, La profesora de historia, Atrapa la bandera, Star Wars. El despertar de la fuerza, Paddington y El apostol<\/em>. Solicitud de butacas en\u00a0<a href=\"https:\/\/goo.gl\/XTXoiy\" target=\"_blank\">https:\/\/goo.gl\/XTXoiy<\/a>.<\/p>\n<p style=\"text-align: center;\"><a href=\"http:\/\/www.parroquiavirgendelcortijo.es\/wp-content\/uploads\/2016\/01\/ext-cartelMadrimana2016.jpg\" rel=\"attachment wp-att-394\"><img loading=\"lazy\" decoding=\"async\" class=\"alignnone size-medium wp-image-394\" src=\"http:\/\/www.parroquiavirgendelcortijo.es\/wp-content\/uploads\/2016\/01\/ext-cartelMadrimana2016-300x212.jpg\" alt=\"Programa MADRIMAN\u00c1 2016\" width=\"300\" height=\"212\" srcset=\"https:\/\/www.parroquiavirgendelcortijo.es\/wp-content\/uploads\/2016\/01\/ext-cartelMadrimana2016-300x212.jpg 300w, https:\/\/www.parroquiavirgendelcortijo.es\/wp-content\/uploads\/2016\/01\/ext-cartelMadrimana2016-768x543.jpg 768w, https:\/\/www.parroquiavirgendelcortijo.es\/wp-content\/uploads\/2016\/01\/ext-cartelMadrimana2016-1024x724.jpg 1024w, https:\/\/www.parroquiavirgendelcortijo.es\/wp-content\/uploads\/2016\/01\/ext-cartelMadrimana2016.jpg 1637w\" sizes=\"auto, (max-width: 300px) 100vw, 300px\" \/><\/a><\/p>\n<p>M\u00e1s informaci\u00f3n en\u00a0<a href=\"http:\/\/madrimana.com\" target=\"_blank\">http:\/\/madrimana.com<\/a><\/p>\n","protected":false},"excerpt":{"rendered":"<p>V Muestra Internacional de Cine y Realidades que Inspiran \u00c1brete a la sorpresa de un gran amor Del 11 al 20 de febrero se celebra MADRIMAN\u00c1,\u00a0 V edici\u00f3n de la &hellip; <a href=\"https:\/\/www.parroquiavirgendelcortijo.es\/?p=389\" class=\"more-link\">Seguir leyendo <span class=\"screen-reader-text\">MADRIMAN\u00c1<\/span> <span class=\"meta-nav\">&rarr;<\/span><\/a><\/p>\n","protected":false},"author":1,"featured_media":390,"comment_status":"closed","ping_status":"closed","sticky":false,"template":"","format":"standard","meta":{"footnotes":""},"categories":[8],"tags":[],"class_list":["post-389","post","type-post","status-publish","format-standard","has-post-thumbnail","hentry","category-actividades"],"jetpack_featured_media_url":"https:\/\/www.parroquiavirgendelcortijo.es\/wp-content\/uploads\/2016\/01\/ext-madriMana2016-dest.jpg","_links":{"self":[{"href":"https:\/\/www.parroquiavirgendelcortijo.es\/index.php?rest_route=\/wp\/v2\/posts\/389","targetHints":{"allow":["GET"]}}],"collection":[{"href":"https:\/\/www.parroquiavirgendelcortijo.es\/index.php?rest_route=\/wp\/v2\/posts"}],"about":[{"href":"https:\/\/www.parroquiavirgendelcortijo.es\/index.php?rest_route=\/wp\/v2\/types\/post"}],"author":[{"embeddable":true,"href":"https:\/\/www.parroquiavirgendelcortijo.es\/index.php?rest_route=\/wp\/v2\/users\/1"}],"replies":[{"embeddable":true,"href":"https:\/\/www.parroquiavirgendelcortijo.es\/index.php?rest_route=%2Fwp%2Fv2%2Fcomments&post=389"}],"version-history":[{"count":4,"href":"https:\/\/www.parroquiavirgendelcortijo.es\/index.php?rest_route=\/wp\/v2\/posts\/389\/revisions"}],"predecessor-version":[{"id":395,"href":"https:\/\/www.parroquiavirgendelcortijo.es\/index.php?rest_route=\/wp\/v2\/posts\/389\/revisions\/395"}],"wp:featuredmedia":[{"embeddable":true,"href":"https:\/\/www.parroquiavirgendelcortijo.es\/index.php?rest_route=\/wp\/v2\/media\/390"}],"wp:attachment":[{"href":"https:\/\/www.parroquiavirgendelcortijo.es\/index.php?rest_route=%2Fwp%2Fv2%2Fmedia&parent=389"}],"wp:term":[{"taxonomy":"category","embeddable":true,"href":"https:\/\/www.parroquiavirgendelcortijo.es\/index.php?rest_route=%2Fwp%2Fv2%2Fcategories&post=389"},{"taxonomy":"post_tag","embeddable":true,"href":"https:\/\/www.parroquiavirgendelcortijo.es\/index.php?rest_route=%2Fwp%2Fv2%2Ftags&post=389"}],"curies":[{"name":"wp","href":"https:\/\/api.w.org\/{rel}","templated":true}]}}