{"id":3830,"date":"2026-03-15T17:10:10","date_gmt":"2026-03-15T16:10:10","guid":{"rendered":"https:\/\/www.parroquiavirgendelcortijo.es\/?p=3830"},"modified":"2026-04-15T00:00:09","modified_gmt":"2026-04-14T22:00:09","slug":"charla-el-perdon-en-el-matrimonio-y-fidelidad","status":"publish","type":"post","link":"https:\/\/www.parroquiavirgendelcortijo.es\/?p=3830","title":{"rendered":"Charla: El perd\u00f3n en el matrimonio y fidelidad"},"content":{"rendered":"<p>El pr\u00f3ximo\u00a0<strong>lunes, 13 de abril, a las 20:00<\/strong>, tendremos la segunda conferencia del X ciclo de la familia en la parroquia, con t\u00edtulo <em>El perd\u00f3n en el matrimonio y fidelidad<\/em>.<\/p>\n<p>En esta charla, impartida por Ana Mu\u00f1oz de Dios y Jos\u00e9 Mar\u00eda Sanz, ambos Master Pastoral Familiar por el <a href=\"https:\/\/www.institutojp2.es\/\" target=\"_blank\" rel=\"noopener\">Instituto Juan Pablo II<\/a>, nos descubrir\u00e1n el poder transformador del perd\u00f3n en el matrimonio. Es una charla sobre la fidelidad como fundamento del amor verdadero, con reflexiones profundas para fortalecer los v\u00ednculos familiares.<\/p>\n<p>Os invitamos a vivir esta experiencia de renovaci\u00f3n conyugal.<\/p>\n","protected":false},"excerpt":{"rendered":"<p>El pr\u00f3ximo\u00a0lunes, 13 de abril, a las 20:00, tendremos la segunda conferencia del X ciclo de la familia en la parroquia, con t\u00edtulo El perd\u00f3n en el matrimonio y fidelidad. &hellip; <a href=\"https:\/\/www.parroquiavirgendelcortijo.es\/?p=3830\" class=\"more-link\">Seguir leyendo <span class=\"screen-reader-text\">Charla: El perd\u00f3n en el matrimonio y fidelidad<\/span> <span class=\"meta-nav\">&rarr;<\/span><\/a><\/p>\n","protected":false},"author":1,"featured_media":3831,"comment_status":"closed","ping_status":"closed","sticky":false,"template":"","format":"standard","meta":{"footnotes":""},"categories":[9,35],"tags":[],"class_list":["post-3830","post","type-post","status-publish","format-standard","has-post-thumbnail","hentry","category-pastoral","category-p-familia"],"jetpack_featured_media_url":"https:\/\/www.parroquiavirgendelcortijo.es\/wp-content\/uploads\/2026\/03\/pas-elPerdonEnElMatrimonio-dest.webp","_links":{"self":[{"href":"https:\/\/www.parroquiavirgendelcortijo.es\/index.php?rest_route=\/wp\/v2\/posts\/3830","targetHints":{"allow":["GET"]}}],"collection":[{"href":"https:\/\/www.parroquiavirgendelcortijo.es\/index.php?rest_route=\/wp\/v2\/posts"}],"about":[{"href":"https:\/\/www.parroquiavirgendelcortijo.es\/index.php?rest_route=\/wp\/v2\/types\/post"}],"author":[{"embeddable":true,"href":"https:\/\/www.parroquiavirgendelcortijo.es\/index.php?rest_route=\/wp\/v2\/users\/1"}],"replies":[{"embeddable":true,"href":"https:\/\/www.parroquiavirgendelcortijo.es\/index.php?rest_route=%2Fwp%2Fv2%2Fcomments&post=3830"}],"version-history":[{"count":1,"href":"https:\/\/www.parroquiavirgendelcortijo.es\/index.php?rest_route=\/wp\/v2\/posts\/3830\/revisions"}],"predecessor-version":[{"id":3832,"href":"https:\/\/www.parroquiavirgendelcortijo.es\/index.php?rest_route=\/wp\/v2\/posts\/3830\/revisions\/3832"}],"wp:featuredmedia":[{"embeddable":true,"href":"https:\/\/www.parroquiavirgendelcortijo.es\/index.php?rest_route=\/wp\/v2\/media\/3831"}],"wp:attachment":[{"href":"https:\/\/www.parroquiavirgendelcortijo.es\/index.php?rest_route=%2Fwp%2Fv2%2Fmedia&parent=3830"}],"wp:term":[{"taxonomy":"category","embeddable":true,"href":"https:\/\/www.parroquiavirgendelcortijo.es\/index.php?rest_route=%2Fwp%2Fv2%2Fcategories&post=3830"},{"taxonomy":"post_tag","embeddable":true,"href":"https:\/\/www.parroquiavirgendelcortijo.es\/index.php?rest_route=%2Fwp%2Fv2%2Ftags&post=3830"}],"curies":[{"name":"wp","href":"https:\/\/api.w.org\/{rel}","templated":true}]}}