{"id":3783,"date":"2026-01-08T19:38:40","date_gmt":"2026-01-08T18:38:40","guid":{"rendered":"https:\/\/www.parroquiavirgendelcortijo.es\/?p=3783"},"modified":"2026-03-15T17:10:23","modified_gmt":"2026-03-15T16:10:23","slug":"catequesis-para-jovenes-y-adultos-7","status":"publish","type":"post","link":"https:\/\/www.parroquiavirgendelcortijo.es\/?p=3783","title":{"rendered":"Catequesis para j\u00f3venes y adultos"},"content":{"rendered":"<p>El lunes, 12 de enero, comienzan las catequesis para j\u00f3venes (desde 14 a\u00f1os) y adultos, organizadas por el <a href=\"https:\/\/neocatechumenaleiter.org\/\" target=\"_blank\" rel=\"noopener\">Camino Neocatecumenal<\/a>.<\/p>\n<p>En las catequesis se busca profundizar en el misterio de la fe y en aspectos vitales del hombre de hoy. Por medio de la escucha de la Buena Noticia, se invita a los asistentes, sean creyentes o no, a experimentar en la propia vida el amor de Dios, formando parte de una comunidad cristiana donde se dan los signos del amor y la unidad.<\/p>\n<p>Las catequesis son los lunes y jueves a las 20:00 en la Parroquia y tendr\u00e1n una duraci\u00f3n aproximada de 1 hora.<\/p>\n","protected":false},"excerpt":{"rendered":"<p>El lunes, 12 de enero, comienzan las catequesis para j\u00f3venes (desde 14 a\u00f1os) y adultos, organizadas por el Camino Neocatecumenal. En las catequesis se busca profundizar en el misterio de &hellip; <a href=\"https:\/\/www.parroquiavirgendelcortijo.es\/?p=3783\" class=\"more-link\">Seguir leyendo <span class=\"screen-reader-text\">Catequesis para j\u00f3venes y adultos<\/span> <span class=\"meta-nav\">&rarr;<\/span><\/a><\/p>\n","protected":false},"author":1,"featured_media":3784,"comment_status":"closed","ping_status":"closed","sticky":false,"template":"","format":"standard","meta":{"footnotes":""},"categories":[6,33],"tags":[],"class_list":["post-3783","post","type-post","status-publish","format-standard","has-post-thumbnail","hentry","category-catequesis","category-c-adultos"],"jetpack_featured_media_url":"https:\/\/www.parroquiavirgendelcortijo.es\/wp-content\/uploads\/2026\/01\/cat-catequesisJovenesYAdultos2026-dest.jpg","_links":{"self":[{"href":"https:\/\/www.parroquiavirgendelcortijo.es\/index.php?rest_route=\/wp\/v2\/posts\/3783","targetHints":{"allow":["GET"]}}],"collection":[{"href":"https:\/\/www.parroquiavirgendelcortijo.es\/index.php?rest_route=\/wp\/v2\/posts"}],"about":[{"href":"https:\/\/www.parroquiavirgendelcortijo.es\/index.php?rest_route=\/wp\/v2\/types\/post"}],"author":[{"embeddable":true,"href":"https:\/\/www.parroquiavirgendelcortijo.es\/index.php?rest_route=\/wp\/v2\/users\/1"}],"replies":[{"embeddable":true,"href":"https:\/\/www.parroquiavirgendelcortijo.es\/index.php?rest_route=%2Fwp%2Fv2%2Fcomments&post=3783"}],"version-history":[{"count":2,"href":"https:\/\/www.parroquiavirgendelcortijo.es\/index.php?rest_route=\/wp\/v2\/posts\/3783\/revisions"}],"predecessor-version":[{"id":3786,"href":"https:\/\/www.parroquiavirgendelcortijo.es\/index.php?rest_route=\/wp\/v2\/posts\/3783\/revisions\/3786"}],"wp:featuredmedia":[{"embeddable":true,"href":"https:\/\/www.parroquiavirgendelcortijo.es\/index.php?rest_route=\/wp\/v2\/media\/3784"}],"wp:attachment":[{"href":"https:\/\/www.parroquiavirgendelcortijo.es\/index.php?rest_route=%2Fwp%2Fv2%2Fmedia&parent=3783"}],"wp:term":[{"taxonomy":"category","embeddable":true,"href":"https:\/\/www.parroquiavirgendelcortijo.es\/index.php?rest_route=%2Fwp%2Fv2%2Fcategories&post=3783"},{"taxonomy":"post_tag","embeddable":true,"href":"https:\/\/www.parroquiavirgendelcortijo.es\/index.php?rest_route=%2Fwp%2Fv2%2Ftags&post=3783"}],"curies":[{"name":"wp","href":"https:\/\/api.w.org\/{rel}","templated":true}]}}