{"id":3770,"date":"2025-12-13T16:48:28","date_gmt":"2025-12-13T15:48:28","guid":{"rendered":"https:\/\/www.parroquiavirgendelcortijo.es\/?p=3770"},"modified":"2025-12-13T16:53:47","modified_gmt":"2025-12-13T15:53:47","slug":"cartas-a-los-reyes-magos-3","status":"publish","type":"post","link":"https:\/\/www.parroquiavirgendelcortijo.es\/?p=3770","title":{"rendered":"Cartas a los Reyes Magos"},"content":{"rendered":"<p class=\"p1\">En el tiempo de la visita de los Reyes Magos no dejes de pedir, como los ni\u00f1os, el deseo que hay en tu coraz\u00f3n y que Dios siempre escucha.<\/p>\n<p class=\"p1\">Si deseas que tu petici\u00f3n y deseo se conviertan en oraci\u00f3n por medio de la intercesi\u00f3n de las hermanas del convento de Madres\u00a0Dominicas, solo hace falta entregarla y la haremos llegar.<\/p>\n<p dir=\"auto\">Puedes imprimir esta carta por tu cuenta y depositarla en la parroquia, o traerla personalmente el s\u00e1bado 10 de enero, cuando visitemos el convento de Santa Catalina a las 11:00.<\/p>\n<p dir=\"auto\"><a href=\"http:\/\/www.parroquiavirgendelcortijo.es\/wp-content\/uploads\/2025\/12\/Carta-a-los-Reyes-Magos-2025-HM.pdf\"><img loading=\"lazy\" decoding=\"async\" class=\"aligncenter wp-image-3775 size-full\" src=\"http:\/\/www.parroquiavirgendelcortijo.es\/wp-content\/uploads\/2025\/12\/gral-cartaRRMMIncrustada2025.jpg\" alt=\"\" width=\"600\" height=\"849\" srcset=\"https:\/\/www.parroquiavirgendelcortijo.es\/wp-content\/uploads\/2025\/12\/gral-cartaRRMMIncrustada2025.jpg 600w, https:\/\/www.parroquiavirgendelcortijo.es\/wp-content\/uploads\/2025\/12\/gral-cartaRRMMIncrustada2025-212x300.jpg 212w\" sizes=\"auto, (max-width: 600px) 100vw, 600px\" \/><\/a><\/p>\n","protected":false},"excerpt":{"rendered":"<p>En el tiempo de la visita de los Reyes Magos no dejes de pedir, como los ni\u00f1os, el deseo que hay en tu coraz\u00f3n y que Dios siempre escucha. Si &hellip; <a href=\"https:\/\/www.parroquiavirgendelcortijo.es\/?p=3770\" class=\"more-link\">Seguir leyendo <span class=\"screen-reader-text\">Cartas a los Reyes Magos<\/span> <span class=\"meta-nav\">&rarr;<\/span><\/a><\/p>\n","protected":false},"author":1,"featured_media":3771,"comment_status":"closed","ping_status":"closed","sticky":false,"template":"","format":"standard","meta":{"footnotes":""},"categories":[22],"tags":[],"class_list":["post-3770","post","type-post","status-publish","format-standard","has-post-thumbnail","hentry","category-avisos"],"jetpack_featured_media_url":"https:\/\/www.parroquiavirgendelcortijo.es\/wp-content\/uploads\/2025\/12\/gral-cartaReyesMagos2025-26-dest.jpg","_links":{"self":[{"href":"https:\/\/www.parroquiavirgendelcortijo.es\/index.php?rest_route=\/wp\/v2\/posts\/3770","targetHints":{"allow":["GET"]}}],"collection":[{"href":"https:\/\/www.parroquiavirgendelcortijo.es\/index.php?rest_route=\/wp\/v2\/posts"}],"about":[{"href":"https:\/\/www.parroquiavirgendelcortijo.es\/index.php?rest_route=\/wp\/v2\/types\/post"}],"author":[{"embeddable":true,"href":"https:\/\/www.parroquiavirgendelcortijo.es\/index.php?rest_route=\/wp\/v2\/users\/1"}],"replies":[{"embeddable":true,"href":"https:\/\/www.parroquiavirgendelcortijo.es\/index.php?rest_route=%2Fwp%2Fv2%2Fcomments&post=3770"}],"version-history":[{"count":3,"href":"https:\/\/www.parroquiavirgendelcortijo.es\/index.php?rest_route=\/wp\/v2\/posts\/3770\/revisions"}],"predecessor-version":[{"id":3776,"href":"https:\/\/www.parroquiavirgendelcortijo.es\/index.php?rest_route=\/wp\/v2\/posts\/3770\/revisions\/3776"}],"wp:featuredmedia":[{"embeddable":true,"href":"https:\/\/www.parroquiavirgendelcortijo.es\/index.php?rest_route=\/wp\/v2\/media\/3771"}],"wp:attachment":[{"href":"https:\/\/www.parroquiavirgendelcortijo.es\/index.php?rest_route=%2Fwp%2Fv2%2Fmedia&parent=3770"}],"wp:term":[{"taxonomy":"category","embeddable":true,"href":"https:\/\/www.parroquiavirgendelcortijo.es\/index.php?rest_route=%2Fwp%2Fv2%2Fcategories&post=3770"},{"taxonomy":"post_tag","embeddable":true,"href":"https:\/\/www.parroquiavirgendelcortijo.es\/index.php?rest_route=%2Fwp%2Fv2%2Ftags&post=3770"}],"curies":[{"name":"wp","href":"https:\/\/api.w.org\/{rel}","templated":true}]}}