{"id":3748,"date":"2025-10-25T19:31:05","date_gmt":"2025-10-25T17:31:05","guid":{"rendered":"https:\/\/www.parroquiavirgendelcortijo.es\/?p=3748"},"modified":"2025-11-27T21:13:36","modified_gmt":"2025-11-27T20:13:36","slug":"horario-especial-de-misas-del-26-octubre","status":"publish","type":"post","link":"https:\/\/www.parroquiavirgendelcortijo.es\/?p=3748","title":{"rendered":"Horario especial de misas del 26 octubre"},"content":{"rendered":"<p>Con motivo de la visita pastoral de nuestro obispo auxiliar, el <a href=\"https:\/\/www.conferenciaepiscopal.es\/obispos\/juan-antonio-martinez-camino\/\" target=\"_blank\" rel=\"noopener\">excelent\u00edsimo y reverend\u00edsimo se\u00f1or don Juan Antonio Mart\u00ednez Camino<\/a>, el horario de misas de este domingo, 26 de octubre sufre algunos cambios.<\/p>\n<p>Las horas de misas quedan as\u00ed:<\/p>\n<ul>\n<li><strong>10:00<\/strong><\/li>\n<li><strong>11:00<\/strong> en el hospital<\/li>\n<li><strong>12:00<\/strong><\/li>\n<li><strong>20:00<\/strong><\/li>\n<\/ul>\n<p>En resumen: se suprime la misa de 13:00.<\/p>\n<p>No os olvid\u00e9is de que la noche del s\u00e1bado al domingo cambiamos al horario de invierno y los relojes se atrasan una hora: a las 3:00 de la madrugada vuelven a ser las 2:00 de la madrugada.<\/p>\n","protected":false},"excerpt":{"rendered":"<p>Con motivo de la visita pastoral de nuestro obispo auxiliar, el excelent\u00edsimo y reverend\u00edsimo se\u00f1or don Juan Antonio Mart\u00ednez Camino, el horario de misas de este domingo, 26 de octubre &hellip; <a href=\"https:\/\/www.parroquiavirgendelcortijo.es\/?p=3748\" class=\"more-link\">Seguir leyendo <span class=\"screen-reader-text\">Horario especial de misas del 26 octubre<\/span> <span class=\"meta-nav\">&rarr;<\/span><\/a><\/p>\n","protected":false},"author":1,"featured_media":3749,"comment_status":"closed","ping_status":"closed","sticky":false,"template":"","format":"standard","meta":{"footnotes":""},"categories":[22],"tags":[],"class_list":["post-3748","post","type-post","status-publish","format-standard","has-post-thumbnail","hentry","category-avisos"],"jetpack_featured_media_url":"https:\/\/www.parroquiavirgendelcortijo.es\/wp-content\/uploads\/2025\/10\/gral-horarioMisas26Octubre2025-dest.jpg","_links":{"self":[{"href":"https:\/\/www.parroquiavirgendelcortijo.es\/index.php?rest_route=\/wp\/v2\/posts\/3748","targetHints":{"allow":["GET"]}}],"collection":[{"href":"https:\/\/www.parroquiavirgendelcortijo.es\/index.php?rest_route=\/wp\/v2\/posts"}],"about":[{"href":"https:\/\/www.parroquiavirgendelcortijo.es\/index.php?rest_route=\/wp\/v2\/types\/post"}],"author":[{"embeddable":true,"href":"https:\/\/www.parroquiavirgendelcortijo.es\/index.php?rest_route=\/wp\/v2\/users\/1"}],"replies":[{"embeddable":true,"href":"https:\/\/www.parroquiavirgendelcortijo.es\/index.php?rest_route=%2Fwp%2Fv2%2Fcomments&post=3748"}],"version-history":[{"count":1,"href":"https:\/\/www.parroquiavirgendelcortijo.es\/index.php?rest_route=\/wp\/v2\/posts\/3748\/revisions"}],"predecessor-version":[{"id":3750,"href":"https:\/\/www.parroquiavirgendelcortijo.es\/index.php?rest_route=\/wp\/v2\/posts\/3748\/revisions\/3750"}],"wp:featuredmedia":[{"embeddable":true,"href":"https:\/\/www.parroquiavirgendelcortijo.es\/index.php?rest_route=\/wp\/v2\/media\/3749"}],"wp:attachment":[{"href":"https:\/\/www.parroquiavirgendelcortijo.es\/index.php?rest_route=%2Fwp%2Fv2%2Fmedia&parent=3748"}],"wp:term":[{"taxonomy":"category","embeddable":true,"href":"https:\/\/www.parroquiavirgendelcortijo.es\/index.php?rest_route=%2Fwp%2Fv2%2Fcategories&post=3748"},{"taxonomy":"post_tag","embeddable":true,"href":"https:\/\/www.parroquiavirgendelcortijo.es\/index.php?rest_route=%2Fwp%2Fv2%2Ftags&post=3748"}],"curies":[{"name":"wp","href":"https:\/\/api.w.org\/{rel}","templated":true}]}}