{"id":369,"date":"2016-01-24T09:59:45","date_gmt":"2016-01-24T08:59:45","guid":{"rendered":"http:\/\/www.parroquiavirgendelcortijo.es\/?p=369"},"modified":"2016-02-25T22:59:06","modified_gmt":"2016-02-25T21:59:06","slug":"primer-encuentro-del-pde","status":"publish","type":"post","link":"https:\/\/www.parroquiavirgendelcortijo.es\/?p=369","title":{"rendered":"Arranque del PDE"},"content":{"rendered":"<p>Nos ponemos en marcha\u00a0con el Plan Diocesano de Evangelizaci\u00f3n.<\/p>\n<p>La primera reuni\u00f3n, para explicar con m\u00e1s detalle en qu\u00e9 consiste el Plan, c\u00f3mo vamos a trabajar y para formar los grupos, ser\u00e1 el <strong>martes, 26 de enero, a las 20:00<\/strong>, en la parroquia.<\/p>\n<p><a href=\"http:\/\/www.parroquiavirgendelcortijo.es\/wp-content\/uploads\/2016\/01\/image.jpeg\" rel=\"attachment wp-att-377\"><img loading=\"lazy\" decoding=\"async\" class=\"size-medium wp-image-377 aligncenter\" src=\"http:\/\/www.parroquiavirgendelcortijo.es\/wp-content\/uploads\/2016\/01\/image-161x300.jpeg\" alt=\"Charla informativa PDE\" width=\"161\" height=\"300\" srcset=\"https:\/\/www.parroquiavirgendelcortijo.es\/wp-content\/uploads\/2016\/01\/image-161x300.jpeg 161w, https:\/\/www.parroquiavirgendelcortijo.es\/wp-content\/uploads\/2016\/01\/image-549x1024.jpeg 549w, https:\/\/www.parroquiavirgendelcortijo.es\/wp-content\/uploads\/2016\/01\/image.jpeg 656w\" sizes=\"auto, (max-width: 161px) 100vw, 161px\" \/><\/a><\/p>\n<p>Formaremos los\u00a0grupos el viernes, 29 de enero. A partir de esa fecha ya comienza el trabajo personal de cada uno.<\/p>\n<p>El sistema de trabajo consiste en tres partes:<\/p>\n<ol>\n<li><strong>Planteamiento<\/strong>, a partir de un punto de la exhortaci\u00f3n del papa Francisco,\u00a0<em>Evangelii gaudium<\/em><\/li>\n<li><em><strong>Lectio divina<\/strong><\/em> con un pasaje del Nuevo Testamento<\/li>\n<li><strong>Propuestas concretas<\/strong> sobre lo que podemos hacer en nuestra parroquia, barrio, colegio, trabajo&#8230;<\/li>\n<\/ol>\n<p>En Virgen del Cortijo nos reuniremos un d\u00eda, el <strong>s\u00e1bado, 27 de febrero<\/strong>. En este encuentro del primer trimestre de 2016 el tema a tratar es \u00abRenovamos nuestro encuentro personal con Cristo para avivar la alegr\u00eda del Evangelio\u00bb. El material que utilizaremos es este:<\/p>\n<ul>\n<li><a href=\"http:\/\/www.parroquiavirgendelcortijo.es\/wp-content\/uploads\/2016\/01\/Lectio-divina-tema-1.-1\u00aa-Parte.pdf\" rel=\"\">Lectio divina &#8211; Tema 1 &#8211; 1\u00aa parte<\/a><\/li>\n<li><a href=\"http:\/\/www.parroquiavirgendelcortijo.es\/wp-content\/uploads\/2016\/01\/Lectio-divina-Tema-1-2\u00aa-Parte.pdf\" target=\"_blank\">Lectio divina &#8211; Tema 2 &#8211; 2\u00aa parte<\/a><\/li>\n<li><a href=\"http:\/\/www.parroquiavirgendelcortijo.es\/wp-content\/uploads\/2016\/01\/La-lectio-divina-segu\u0301n-Benedicto-XVI.pdf\" target=\"_blank\">La lectio divina seg\u00fan Benedicto XVI<\/a><\/li>\n<\/ul>\n<p>Empezaremos <strong>a las 10:00<\/strong>\u00a0y acabaremos comiendo todos juntos.<\/p>\n<p>\u00a1Os esperamos!<\/p>\n","protected":false},"excerpt":{"rendered":"<p>Nos ponemos en marcha\u00a0con el Plan Diocesano de Evangelizaci\u00f3n. La primera reuni\u00f3n, para explicar con m\u00e1s detalle en qu\u00e9 consiste el Plan, c\u00f3mo vamos a trabajar y para formar los &hellip; <a href=\"https:\/\/www.parroquiavirgendelcortijo.es\/?p=369\" class=\"more-link\">Seguir leyendo <span class=\"screen-reader-text\">Arranque del PDE<\/span> <span class=\"meta-nav\">&rarr;<\/span><\/a><\/p>\n","protected":false},"author":1,"featured_media":371,"comment_status":"closed","ping_status":"closed","sticky":false,"template":"","format":"standard","meta":{"footnotes":""},"categories":[9,21],"tags":[],"class_list":["post-369","post","type-post","status-publish","format-standard","has-post-thumbnail","hentry","category-pastoral","category-evangelizacion"],"jetpack_featured_media_url":"https:\/\/www.parroquiavirgendelcortijo.es\/wp-content\/uploads\/2016\/01\/act-primerEncuentroPDE-dest.jpg","_links":{"self":[{"href":"https:\/\/www.parroquiavirgendelcortijo.es\/index.php?rest_route=\/wp\/v2\/posts\/369","targetHints":{"allow":["GET"]}}],"collection":[{"href":"https:\/\/www.parroquiavirgendelcortijo.es\/index.php?rest_route=\/wp\/v2\/posts"}],"about":[{"href":"https:\/\/www.parroquiavirgendelcortijo.es\/index.php?rest_route=\/wp\/v2\/types\/post"}],"author":[{"embeddable":true,"href":"https:\/\/www.parroquiavirgendelcortijo.es\/index.php?rest_route=\/wp\/v2\/users\/1"}],"replies":[{"embeddable":true,"href":"https:\/\/www.parroquiavirgendelcortijo.es\/index.php?rest_route=%2Fwp%2Fv2%2Fcomments&post=369"}],"version-history":[{"count":7,"href":"https:\/\/www.parroquiavirgendelcortijo.es\/index.php?rest_route=\/wp\/v2\/posts\/369\/revisions"}],"predecessor-version":[{"id":527,"href":"https:\/\/www.parroquiavirgendelcortijo.es\/index.php?rest_route=\/wp\/v2\/posts\/369\/revisions\/527"}],"wp:featuredmedia":[{"embeddable":true,"href":"https:\/\/www.parroquiavirgendelcortijo.es\/index.php?rest_route=\/wp\/v2\/media\/371"}],"wp:attachment":[{"href":"https:\/\/www.parroquiavirgendelcortijo.es\/index.php?rest_route=%2Fwp%2Fv2%2Fmedia&parent=369"}],"wp:term":[{"taxonomy":"category","embeddable":true,"href":"https:\/\/www.parroquiavirgendelcortijo.es\/index.php?rest_route=%2Fwp%2Fv2%2Fcategories&post=369"},{"taxonomy":"post_tag","embeddable":true,"href":"https:\/\/www.parroquiavirgendelcortijo.es\/index.php?rest_route=%2Fwp%2Fv2%2Ftags&post=369"}],"curies":[{"name":"wp","href":"https:\/\/api.w.org\/{rel}","templated":true}]}}