{"id":36,"date":"2015-02-21T00:19:16","date_gmt":"2015-02-21T00:19:16","guid":{"rendered":"http:\/\/parroqui.cluster015.ovh.net\/?p=36"},"modified":"2015-03-18T00:55:37","modified_gmt":"2015-03-17T23:55:37","slug":"manifestacion-por-la-vida","status":"publish","type":"post","link":"https:\/\/www.parroquiavirgendelcortijo.es\/?p=36","title":{"rendered":"Manifestaci\u00f3n por la vida"},"content":{"rendered":"<p>El 14 de marzo, es la fecha en que el Foro Espa\u00f1ol de la Familia y las Asociaciones pro-vida espa\u00f1ola han decidido conmemorar el D\u00eda Internacional de la Vida.<\/p>\n<p>Con este motivo, han promovido una manifestaci\u00f3n a celebrar en Madrid en ese d\u00eda.<\/p>\n<p><!--more-->\u00bfPor qu\u00e9?<\/p>\n<ol>\n<li>\u00a0Porque la causa de la vida la han abandonado todos los partidos pol\u00edticos, la respuesta de la Sociedad espa\u00f1ola es reforzar su compromiso de defensa de la vida.<\/li>\n<li>\u00a0El 14 de marzo queremos transmitir una imagen clara de que somos cientos de miles representando a millones de espa\u00f1oles que no vamos a permitir que se construya un muro de silencio en la defensa de la vida y protecci\u00f3n de la mujer embarazada.<\/li>\n<li>\u00a0Se trata de la celebraci\u00f3n del D\u00eda internacional de la vida de un modo visible. Sabemos que Espa\u00f1a es el pa\u00eds al que miran todos los pa\u00edses europeos que tienen aprobada la ley del aborto. Tenemos una responsabilidad moral.<\/li>\n<li>\u00a0La asistencia de cada uno es muy importante y vale la pena el esfuerzo.<\/li>\n<\/ol>\n<p><a title=\"Cada vida importa\" href=\"http:\/\/www.cadavidaimporta.es\/\" target=\"_blank\"><img loading=\"lazy\" decoding=\"async\" class=\"size-medium wp-image-37\" src=\"http:\/\/parroqui.cluster015.ovh.net\/wp-content\/uploads\/2015\/02\/ext-cadavida2015-300x153.jpg\" alt=\"Manifestaci\u00f3n &quot;Cada vida importa&quot; 2015\" width=\"300\" height=\"153\" srcset=\"https:\/\/www.parroquiavirgendelcortijo.es\/wp-content\/uploads\/2015\/02\/ext-cadavida2015-300x153.jpg 300w, https:\/\/www.parroquiavirgendelcortijo.es\/wp-content\/uploads\/2015\/02\/ext-cadavida2015.jpg 889w\" sizes=\"auto, (max-width: 300px) 100vw, 300px\" \/><\/a><\/p>\n<p>Todos los detalles,\u00a0en\u00a0<a title=\"Cada vida importa\" href=\"http:\/\/www.cadavidaimporta.es\/\" target=\"_blank\">http:\/\/www.cadavidaimporta.es\/<\/a><\/p>\n","protected":false},"excerpt":{"rendered":"<p>El 14 de marzo, es la fecha en que el Foro Espa\u00f1ol de la Familia y las Asociaciones pro-vida espa\u00f1ola han decidido conmemorar el D\u00eda Internacional de la Vida. Con &hellip; <a href=\"https:\/\/www.parroquiavirgendelcortijo.es\/?p=36\" class=\"more-link\">Seguir leyendo <span class=\"screen-reader-text\">Manifestaci\u00f3n por la vida<\/span> <span class=\"meta-nav\">&rarr;<\/span><\/a><\/p>\n","protected":false},"author":1,"featured_media":37,"comment_status":"closed","ping_status":"closed","sticky":false,"template":"","format":"standard","meta":{"footnotes":""},"categories":[8],"tags":[],"class_list":["post-36","post","type-post","status-publish","format-standard","has-post-thumbnail","hentry","category-actividades"],"jetpack_featured_media_url":"https:\/\/www.parroquiavirgendelcortijo.es\/wp-content\/uploads\/2015\/02\/ext-cadavida2015.jpg","_links":{"self":[{"href":"https:\/\/www.parroquiavirgendelcortijo.es\/index.php?rest_route=\/wp\/v2\/posts\/36","targetHints":{"allow":["GET"]}}],"collection":[{"href":"https:\/\/www.parroquiavirgendelcortijo.es\/index.php?rest_route=\/wp\/v2\/posts"}],"about":[{"href":"https:\/\/www.parroquiavirgendelcortijo.es\/index.php?rest_route=\/wp\/v2\/types\/post"}],"author":[{"embeddable":true,"href":"https:\/\/www.parroquiavirgendelcortijo.es\/index.php?rest_route=\/wp\/v2\/users\/1"}],"replies":[{"embeddable":true,"href":"https:\/\/www.parroquiavirgendelcortijo.es\/index.php?rest_route=%2Fwp%2Fv2%2Fcomments&post=36"}],"version-history":[{"count":3,"href":"https:\/\/www.parroquiavirgendelcortijo.es\/index.php?rest_route=\/wp\/v2\/posts\/36\/revisions"}],"predecessor-version":[{"id":42,"href":"https:\/\/www.parroquiavirgendelcortijo.es\/index.php?rest_route=\/wp\/v2\/posts\/36\/revisions\/42"}],"wp:featuredmedia":[{"embeddable":true,"href":"https:\/\/www.parroquiavirgendelcortijo.es\/index.php?rest_route=\/wp\/v2\/media\/37"}],"wp:attachment":[{"href":"https:\/\/www.parroquiavirgendelcortijo.es\/index.php?rest_route=%2Fwp%2Fv2%2Fmedia&parent=36"}],"wp:term":[{"taxonomy":"category","embeddable":true,"href":"https:\/\/www.parroquiavirgendelcortijo.es\/index.php?rest_route=%2Fwp%2Fv2%2Fcategories&post=36"},{"taxonomy":"post_tag","embeddable":true,"href":"https:\/\/www.parroquiavirgendelcortijo.es\/index.php?rest_route=%2Fwp%2Fv2%2Ftags&post=36"}],"curies":[{"name":"wp","href":"https:\/\/api.w.org\/{rel}","templated":true}]}}