{"id":3586,"date":"2025-01-27T22:12:44","date_gmt":"2025-01-27T21:12:44","guid":{"rendered":"https:\/\/www.parroquiavirgendelcortijo.es\/?p=3586"},"modified":"2025-03-02T22:50:05","modified_gmt":"2025-03-02T21:50:05","slug":"cursillo-prematrimonial-primavera-2025","status":"publish","type":"post","link":"https:\/\/www.parroquiavirgendelcortijo.es\/?p=3586","title":{"rendered":"Cursillo prematrimonial primavera 2025"},"content":{"rendered":"<p>Los d\u00edas 1 y 2 de marzo, la parroquia ofrecer\u00e1 un cursillo prematrimonial para las parejas que tengan pensado casarse.<\/p>\n<p>Este curso es una preparaci\u00f3n fundamental para el matrimonio, ya \u00a0que ayuda a las parejas a comprender la profundidad del sacramento que van a recibir. Les brinda herramientas espirituales, emocionales y practicas para construir una relaci\u00f3n basada en el amor, el respeto mutuo y los valores cristianos. Adem\u00e1s, permite reflexionar sobre el compromiso de formar una familia seg\u00fan el plan de Dios, fortaleciendo la fe y la comunicaci\u00f3n en pareja. Es una oportunidad \u00fanica para iniciar el matrimonio con una base s\u00f3lida y guiada por la gracia divina.<\/p>\n<p>Para inscribirse, s\u00f3lo hace falta&#8230;<\/p>\n<ul>\n<li>mandar un correo electr\u00f3nico a <a href=\"mailto:parroquia.virgendelcortijo@gmail.com\" target=\"_blank\" rel=\"noopener\" data-removefontsize=\"true\" data-originalcomputedfontsize=\"16\">parroquia.virgendelcortijo@<wbr \/>gmail.com<\/a>, o<\/li>\n<li>llamar por tel\u00e9fono al <a href=\"tel:+34917663081\">91 766 30 81<\/a>, o<\/li>\n<li>acercarse al despacho parroquial, en la <a href=\"https:\/\/www.parroquiavirgendelcortijo.es\/wp-admin\/post.php?post=3586&amp;action=edit\" target=\"_blank\" rel=\"noopener\">calle O\u00f1a, 91B<\/a>.<\/li>\n<\/ul>\n<p>&nbsp;<\/p>\n<p><span style=\"color: #999999;\">Imagen de <a href=\"https:\/\/unsplash.com\/photos\/man-putting-wedding-ring-on-bride-during-daytime-BaMWo3AooVY\" target=\"_blank\" rel=\"noopener\">Anton Mislawsky<\/a> en <a href=\"https:\/\/unsplash.com\/\" target=\"_blank\" rel=\"noopener\">Unsplash<\/a>. Encuadre.<\/span><\/p>\n","protected":false},"excerpt":{"rendered":"<p>Los d\u00edas 1 y 2 de marzo, la parroquia ofrecer\u00e1 un cursillo prematrimonial para las parejas que tengan pensado casarse. Este curso es una preparaci\u00f3n fundamental para el matrimonio, ya &hellip; <a href=\"https:\/\/www.parroquiavirgendelcortijo.es\/?p=3586\" class=\"more-link\">Seguir leyendo <span class=\"screen-reader-text\">Cursillo prematrimonial primavera 2025<\/span> <span class=\"meta-nav\">&rarr;<\/span><\/a><\/p>\n","protected":false},"author":1,"featured_media":3587,"comment_status":"closed","ping_status":"closed","sticky":false,"template":"","format":"standard","meta":{"footnotes":""},"categories":[22,9],"tags":[],"class_list":["post-3586","post","type-post","status-publish","format-standard","has-post-thumbnail","hentry","category-avisos","category-pastoral"],"jetpack_featured_media_url":"https:\/\/www.parroquiavirgendelcortijo.es\/wp-content\/uploads\/2025\/01\/pas-cursilloMatrimonialPrimavera2025-dest.jpg","_links":{"self":[{"href":"https:\/\/www.parroquiavirgendelcortijo.es\/index.php?rest_route=\/wp\/v2\/posts\/3586","targetHints":{"allow":["GET"]}}],"collection":[{"href":"https:\/\/www.parroquiavirgendelcortijo.es\/index.php?rest_route=\/wp\/v2\/posts"}],"about":[{"href":"https:\/\/www.parroquiavirgendelcortijo.es\/index.php?rest_route=\/wp\/v2\/types\/post"}],"author":[{"embeddable":true,"href":"https:\/\/www.parroquiavirgendelcortijo.es\/index.php?rest_route=\/wp\/v2\/users\/1"}],"replies":[{"embeddable":true,"href":"https:\/\/www.parroquiavirgendelcortijo.es\/index.php?rest_route=%2Fwp%2Fv2%2Fcomments&post=3586"}],"version-history":[{"count":4,"href":"https:\/\/www.parroquiavirgendelcortijo.es\/index.php?rest_route=\/wp\/v2\/posts\/3586\/revisions"}],"predecessor-version":[{"id":3591,"href":"https:\/\/www.parroquiavirgendelcortijo.es\/index.php?rest_route=\/wp\/v2\/posts\/3586\/revisions\/3591"}],"wp:featuredmedia":[{"embeddable":true,"href":"https:\/\/www.parroquiavirgendelcortijo.es\/index.php?rest_route=\/wp\/v2\/media\/3587"}],"wp:attachment":[{"href":"https:\/\/www.parroquiavirgendelcortijo.es\/index.php?rest_route=%2Fwp%2Fv2%2Fmedia&parent=3586"}],"wp:term":[{"taxonomy":"category","embeddable":true,"href":"https:\/\/www.parroquiavirgendelcortijo.es\/index.php?rest_route=%2Fwp%2Fv2%2Fcategories&post=3586"},{"taxonomy":"post_tag","embeddable":true,"href":"https:\/\/www.parroquiavirgendelcortijo.es\/index.php?rest_route=%2Fwp%2Fv2%2Ftags&post=3586"}],"curies":[{"name":"wp","href":"https:\/\/api.w.org\/{rel}","templated":true}]}}