{"id":3583,"date":"2025-01-13T22:47:23","date_gmt":"2025-01-13T21:47:23","guid":{"rendered":"https:\/\/www.parroquiavirgendelcortijo.es\/?p=3583"},"modified":"2025-03-02T22:59:38","modified_gmt":"2025-03-02T21:59:38","slug":"catequesis-para-jovenes-y-adultos-6","status":"publish","type":"post","link":"https:\/\/www.parroquiavirgendelcortijo.es\/?p=3583","title":{"rendered":"Catequesis para j\u00f3venes y adultos"},"content":{"rendered":"<p>Este lunes, 13 de enero, han comenzado las catequesis para j\u00f3venes (desde 14 a\u00f1os) y adultos, organizadas por el <a href=\"https:\/\/neocatechumenaleiter.org\/\" target=\"_blank\" rel=\"noopener\">Camino Neocatecumenal<\/a>, que continuar\u00e1n hasta mitad de marzo.<\/p>\n<p>En las catequesis, se busca profundizar en el misterio de la fe y en aspectos vitales del hombre de hoy. Por medio de la escucha de la Buena Noticia, se invita a los asistentes, sean creyentes o no, a experimentar en la propia vida el amor de Dios, formando parte de una comunidad cristiana donde se dan los signos del amor y la unidad.<\/p>\n<p>Las catequesis son los <strong>lunes y jueves a las 20:00<\/strong> en la Parroquia y tendr\u00e1n una duraci\u00f3n aproximada de 1 hora.<\/p>\n","protected":false},"excerpt":{"rendered":"<p>Este lunes, 13 de enero, han comenzado las catequesis para j\u00f3venes (desde 14 a\u00f1os) y adultos, organizadas por el Camino Neocatecumenal, que continuar\u00e1n hasta mitad de marzo. En las catequesis, &hellip; <a href=\"https:\/\/www.parroquiavirgendelcortijo.es\/?p=3583\" class=\"more-link\">Seguir leyendo <span class=\"screen-reader-text\">Catequesis para j\u00f3venes y adultos<\/span> <span class=\"meta-nav\">&rarr;<\/span><\/a><\/p>\n","protected":false},"author":1,"featured_media":3374,"comment_status":"closed","ping_status":"closed","sticky":false,"template":"","format":"standard","meta":{"footnotes":""},"categories":[6,33],"tags":[],"class_list":["post-3583","post","type-post","status-publish","format-standard","has-post-thumbnail","hentry","category-catequesis","category-c-adultos"],"jetpack_featured_media_url":"https:\/\/www.parroquiavirgendelcortijo.es\/wp-content\/uploads\/2024\/01\/pas-catequesisJovenesAdultos2024-dest.jpg","_links":{"self":[{"href":"https:\/\/www.parroquiavirgendelcortijo.es\/index.php?rest_route=\/wp\/v2\/posts\/3583","targetHints":{"allow":["GET"]}}],"collection":[{"href":"https:\/\/www.parroquiavirgendelcortijo.es\/index.php?rest_route=\/wp\/v2\/posts"}],"about":[{"href":"https:\/\/www.parroquiavirgendelcortijo.es\/index.php?rest_route=\/wp\/v2\/types\/post"}],"author":[{"embeddable":true,"href":"https:\/\/www.parroquiavirgendelcortijo.es\/index.php?rest_route=\/wp\/v2\/users\/1"}],"replies":[{"embeddable":true,"href":"https:\/\/www.parroquiavirgendelcortijo.es\/index.php?rest_route=%2Fwp%2Fv2%2Fcomments&post=3583"}],"version-history":[{"count":1,"href":"https:\/\/www.parroquiavirgendelcortijo.es\/index.php?rest_route=\/wp\/v2\/posts\/3583\/revisions"}],"predecessor-version":[{"id":3584,"href":"https:\/\/www.parroquiavirgendelcortijo.es\/index.php?rest_route=\/wp\/v2\/posts\/3583\/revisions\/3584"}],"wp:featuredmedia":[{"embeddable":true,"href":"https:\/\/www.parroquiavirgendelcortijo.es\/index.php?rest_route=\/wp\/v2\/media\/3374"}],"wp:attachment":[{"href":"https:\/\/www.parroquiavirgendelcortijo.es\/index.php?rest_route=%2Fwp%2Fv2%2Fmedia&parent=3583"}],"wp:term":[{"taxonomy":"category","embeddable":true,"href":"https:\/\/www.parroquiavirgendelcortijo.es\/index.php?rest_route=%2Fwp%2Fv2%2Fcategories&post=3583"},{"taxonomy":"post_tag","embeddable":true,"href":"https:\/\/www.parroquiavirgendelcortijo.es\/index.php?rest_route=%2Fwp%2Fv2%2Ftags&post=3583"}],"curies":[{"name":"wp","href":"https:\/\/api.w.org\/{rel}","templated":true}]}}