{"id":3555,"date":"2024-11-29T19:42:41","date_gmt":"2024-11-29T18:42:41","guid":{"rendered":"https:\/\/www.parroquiavirgendelcortijo.es\/?p=3555"},"modified":"2024-12-14T07:36:29","modified_gmt":"2024-12-14T06:36:29","slug":"charla-la-vida-como-vocacion","status":"publish","type":"post","link":"https:\/\/www.parroquiavirgendelcortijo.es\/?p=3555","title":{"rendered":"Charla: La vida como vocaci\u00f3n"},"content":{"rendered":"<p>El pr\u00f3ximo <strong>lunes, 9 de diciembre, a las 20:00<\/strong>, tendremos la segunda charla dentro del Ciclo de la Familia de este a\u00f1o.<\/p>\n<p>En esta ocasi\u00f3n, Marta Hern\u00e1ndez, abogado y miembro de <em>Memores Domini<\/em>, nos contar\u00e1 c\u00f3mo, incluso en estos d\u00edas, es posible una entrega total a Dios viviendo en el mundo, entendiendo el trabajo como el lugar de la memoria de Cristo y practicando los consejos evang\u00e9licos de obediencia, pobreza y castidad.<\/p>\n<p><em>Memores Domini<\/em> es una asociaci\u00f3n laica parte de <a href=\"https:\/\/www.clonline.org\/es\">Comuni\u00f3n y Liberaci\u00f3n<\/a>.<\/p>\n<p>Os esperamos en el templo.<\/p>\n","protected":false},"excerpt":{"rendered":"<p>El pr\u00f3ximo lunes, 9 de diciembre, a las 20:00, tendremos la segunda charla dentro del Ciclo de la Familia de este a\u00f1o. En esta ocasi\u00f3n, Marta Hern\u00e1ndez, abogado y miembro &hellip; <a href=\"https:\/\/www.parroquiavirgendelcortijo.es\/?p=3555\" class=\"more-link\">Seguir leyendo <span class=\"screen-reader-text\">Charla: La vida como vocaci\u00f3n<\/span> <span class=\"meta-nav\">&rarr;<\/span><\/a><\/p>\n","protected":false},"author":1,"featured_media":3563,"comment_status":"closed","ping_status":"closed","sticky":false,"template":"","format":"standard","meta":{"footnotes":""},"categories":[9,35],"tags":[],"class_list":["post-3555","post","type-post","status-publish","format-standard","has-post-thumbnail","hentry","category-pastoral","category-p-familia"],"jetpack_featured_media_url":"https:\/\/www.parroquiavirgendelcortijo.es\/wp-content\/uploads\/2024\/11\/pas-laVidaComoVocacion2-dest.jpg","_links":{"self":[{"href":"https:\/\/www.parroquiavirgendelcortijo.es\/index.php?rest_route=\/wp\/v2\/posts\/3555","targetHints":{"allow":["GET"]}}],"collection":[{"href":"https:\/\/www.parroquiavirgendelcortijo.es\/index.php?rest_route=\/wp\/v2\/posts"}],"about":[{"href":"https:\/\/www.parroquiavirgendelcortijo.es\/index.php?rest_route=\/wp\/v2\/types\/post"}],"author":[{"embeddable":true,"href":"https:\/\/www.parroquiavirgendelcortijo.es\/index.php?rest_route=\/wp\/v2\/users\/1"}],"replies":[{"embeddable":true,"href":"https:\/\/www.parroquiavirgendelcortijo.es\/index.php?rest_route=%2Fwp%2Fv2%2Fcomments&post=3555"}],"version-history":[{"count":5,"href":"https:\/\/www.parroquiavirgendelcortijo.es\/index.php?rest_route=\/wp\/v2\/posts\/3555\/revisions"}],"predecessor-version":[{"id":3564,"href":"https:\/\/www.parroquiavirgendelcortijo.es\/index.php?rest_route=\/wp\/v2\/posts\/3555\/revisions\/3564"}],"wp:featuredmedia":[{"embeddable":true,"href":"https:\/\/www.parroquiavirgendelcortijo.es\/index.php?rest_route=\/wp\/v2\/media\/3563"}],"wp:attachment":[{"href":"https:\/\/www.parroquiavirgendelcortijo.es\/index.php?rest_route=%2Fwp%2Fv2%2Fmedia&parent=3555"}],"wp:term":[{"taxonomy":"category","embeddable":true,"href":"https:\/\/www.parroquiavirgendelcortijo.es\/index.php?rest_route=%2Fwp%2Fv2%2Fcategories&post=3555"},{"taxonomy":"post_tag","embeddable":true,"href":"https:\/\/www.parroquiavirgendelcortijo.es\/index.php?rest_route=%2Fwp%2Fv2%2Ftags&post=3555"}],"curies":[{"name":"wp","href":"https:\/\/api.w.org\/{rel}","templated":true}]}}