{"id":3537,"date":"2024-11-11T20:57:20","date_gmt":"2024-11-11T19:57:20","guid":{"rendered":"https:\/\/www.parroquiavirgendelcortijo.es\/?p=3537"},"modified":"2024-11-20T00:04:49","modified_gmt":"2024-11-19T23:04:49","slug":"claves-para-mi-familia","status":"publish","type":"post","link":"https:\/\/www.parroquiavirgendelcortijo.es\/?p=3537","title":{"rendered":"Claves para mi familia&#8230;"},"content":{"rendered":"<p>El pr\u00f3ximo <strong>lunes, 18 de noviembre, a las 20:00<\/strong>, inauguramos el \u00a1ya noveno! ciclo de conferencias de la familia con una charla sobre un tema de rabiosa actualidad: la inteligencia artificial.<\/p>\n<p>Bajo el t\u00edtulo <em>Claves para mi familia de la inteligencia artificial y de la tonter\u00eda artificial<\/em>, el profesor Vicente Garc\u00eda Pla nos hablar\u00e1 de c\u00f3mo, con independencia de la edad, la inteligencia artificial nos afecta en lo que toca a la educaci\u00f3n, el trabajo, el ocio, la privacidad&#8230; y puede que hasta a la espiritualidad. \u00bfAfecta para bien o para mal? \u00bfSe puede conseguir que sea para bien?<\/p>\n<p>Vicente Garc\u00eda Pla es profesor de grado en la <a href=\"https:\/\/www.ufv.es\/\" target=\"_blank\" rel=\"noopener\">Universidad Francisco de Vitoria<\/a> y de posgrado en <a href=\"https:\/\/www.comillas.edu\/icade\/\" target=\"_blank\" rel=\"noopener\">ICADE<\/a>.<\/p>\n<p>Os esperamos en el templo. \u00a1No falt\u00e9is!<\/p>\n","protected":false},"excerpt":{"rendered":"<p>El pr\u00f3ximo lunes, 18 de noviembre, a las 20:00, inauguramos el \u00a1ya noveno! ciclo de conferencias de la familia con una charla sobre un tema de rabiosa actualidad: la inteligencia &hellip; <a href=\"https:\/\/www.parroquiavirgendelcortijo.es\/?p=3537\" class=\"more-link\">Seguir leyendo <span class=\"screen-reader-text\">Claves para mi familia&#8230;<\/span> <span class=\"meta-nav\">&rarr;<\/span><\/a><\/p>\n","protected":false},"author":1,"featured_media":3538,"comment_status":"closed","ping_status":"closed","sticky":false,"template":"","format":"standard","meta":{"footnotes":""},"categories":[9,35],"tags":[],"class_list":["post-3537","post","type-post","status-publish","format-standard","has-post-thumbnail","hentry","category-pastoral","category-p-familia"],"jetpack_featured_media_url":"https:\/\/www.parroquiavirgendelcortijo.es\/wp-content\/uploads\/2024\/11\/pas-clavesParaMiFamilia-dest.jpg","_links":{"self":[{"href":"https:\/\/www.parroquiavirgendelcortijo.es\/index.php?rest_route=\/wp\/v2\/posts\/3537","targetHints":{"allow":["GET"]}}],"collection":[{"href":"https:\/\/www.parroquiavirgendelcortijo.es\/index.php?rest_route=\/wp\/v2\/posts"}],"about":[{"href":"https:\/\/www.parroquiavirgendelcortijo.es\/index.php?rest_route=\/wp\/v2\/types\/post"}],"author":[{"embeddable":true,"href":"https:\/\/www.parroquiavirgendelcortijo.es\/index.php?rest_route=\/wp\/v2\/users\/1"}],"replies":[{"embeddable":true,"href":"https:\/\/www.parroquiavirgendelcortijo.es\/index.php?rest_route=%2Fwp%2Fv2%2Fcomments&post=3537"}],"version-history":[{"count":1,"href":"https:\/\/www.parroquiavirgendelcortijo.es\/index.php?rest_route=\/wp\/v2\/posts\/3537\/revisions"}],"predecessor-version":[{"id":3539,"href":"https:\/\/www.parroquiavirgendelcortijo.es\/index.php?rest_route=\/wp\/v2\/posts\/3537\/revisions\/3539"}],"wp:featuredmedia":[{"embeddable":true,"href":"https:\/\/www.parroquiavirgendelcortijo.es\/index.php?rest_route=\/wp\/v2\/media\/3538"}],"wp:attachment":[{"href":"https:\/\/www.parroquiavirgendelcortijo.es\/index.php?rest_route=%2Fwp%2Fv2%2Fmedia&parent=3537"}],"wp:term":[{"taxonomy":"category","embeddable":true,"href":"https:\/\/www.parroquiavirgendelcortijo.es\/index.php?rest_route=%2Fwp%2Fv2%2Fcategories&post=3537"},{"taxonomy":"post_tag","embeddable":true,"href":"https:\/\/www.parroquiavirgendelcortijo.es\/index.php?rest_route=%2Fwp%2Fv2%2Ftags&post=3537"}],"curies":[{"name":"wp","href":"https:\/\/api.w.org\/{rel}","templated":true}]}}