{"id":3429,"date":"2024-03-21T15:03:15","date_gmt":"2024-03-21T14:03:15","guid":{"rendered":"https:\/\/www.parroquiavirgendelcortijo.es\/?p=3429"},"modified":"2024-04-05T15:03:41","modified_gmt":"2024-04-05T13:03:41","slug":"caritas-cerrado-durante-semana-santa","status":"publish","type":"post","link":"https:\/\/www.parroquiavirgendelcortijo.es\/?p=3429","title":{"rendered":"C\u00e1ritas: cerrado durante Semana Santa"},"content":{"rendered":"<p>El servicio de acogida de C\u00e1ritas de nuestra parroquia permanecer\u00e1 cerrado los d\u00edas <strong>26 de marzo<\/strong> y <strong>2 de abril<\/strong>, ambos martes.<\/p>\n<p>C\u00e1ritas de la Vicar\u00eda I sigue prestando servicio estos d\u00edas. Los que lo necesiten pueden acudir a la <a href=\"https:\/\/maps.app.goo.gl\/a6yeBqSRuXQfHNqx5\" target=\"_blank\" rel=\"noopener\">C\/ Santa Hortensia, 5<\/a>, o llamar al tel\u00e9fono <a href=\"tel:+34914134209\">91 413 42 09<\/a>.<\/p>\n","protected":false},"excerpt":{"rendered":"<p>El servicio de acogida de C\u00e1ritas de nuestra parroquia permanecer\u00e1 cerrado los d\u00edas 26 de marzo y 2 de abril, ambos martes. C\u00e1ritas de la Vicar\u00eda I sigue prestando servicio &hellip; <a href=\"https:\/\/www.parroquiavirgendelcortijo.es\/?p=3429\" class=\"more-link\">Seguir leyendo <span class=\"screen-reader-text\">C\u00e1ritas: cerrado durante Semana Santa<\/span> <span class=\"meta-nav\">&rarr;<\/span><\/a><\/p>\n","protected":false},"author":1,"featured_media":3273,"comment_status":"closed","ping_status":"closed","sticky":false,"template":"","format":"standard","meta":{"footnotes":""},"categories":[23,9],"tags":[],"class_list":["post-3429","post","type-post","status-publish","format-standard","has-post-thumbnail","hentry","category-caritas","category-pastoral"],"jetpack_featured_media_url":"https:\/\/www.parroquiavirgendelcortijo.es\/wp-content\/uploads\/2023\/06\/car-cerradoEnVerano2023-dest.jpg","_links":{"self":[{"href":"https:\/\/www.parroquiavirgendelcortijo.es\/index.php?rest_route=\/wp\/v2\/posts\/3429","targetHints":{"allow":["GET"]}}],"collection":[{"href":"https:\/\/www.parroquiavirgendelcortijo.es\/index.php?rest_route=\/wp\/v2\/posts"}],"about":[{"href":"https:\/\/www.parroquiavirgendelcortijo.es\/index.php?rest_route=\/wp\/v2\/types\/post"}],"author":[{"embeddable":true,"href":"https:\/\/www.parroquiavirgendelcortijo.es\/index.php?rest_route=\/wp\/v2\/users\/1"}],"replies":[{"embeddable":true,"href":"https:\/\/www.parroquiavirgendelcortijo.es\/index.php?rest_route=%2Fwp%2Fv2%2Fcomments&post=3429"}],"version-history":[{"count":2,"href":"https:\/\/www.parroquiavirgendelcortijo.es\/index.php?rest_route=\/wp\/v2\/posts\/3429\/revisions"}],"predecessor-version":[{"id":3431,"href":"https:\/\/www.parroquiavirgendelcortijo.es\/index.php?rest_route=\/wp\/v2\/posts\/3429\/revisions\/3431"}],"wp:featuredmedia":[{"embeddable":true,"href":"https:\/\/www.parroquiavirgendelcortijo.es\/index.php?rest_route=\/wp\/v2\/media\/3273"}],"wp:attachment":[{"href":"https:\/\/www.parroquiavirgendelcortijo.es\/index.php?rest_route=%2Fwp%2Fv2%2Fmedia&parent=3429"}],"wp:term":[{"taxonomy":"category","embeddable":true,"href":"https:\/\/www.parroquiavirgendelcortijo.es\/index.php?rest_route=%2Fwp%2Fv2%2Fcategories&post=3429"},{"taxonomy":"post_tag","embeddable":true,"href":"https:\/\/www.parroquiavirgendelcortijo.es\/index.php?rest_route=%2Fwp%2Fv2%2Ftags&post=3429"}],"curies":[{"name":"wp","href":"https:\/\/api.w.org\/{rel}","templated":true}]}}