{"id":3422,"date":"2024-03-24T16:25:50","date_gmt":"2024-03-24T15:25:50","guid":{"rendered":"https:\/\/www.parroquiavirgendelcortijo.es\/?p=3422"},"modified":"2024-04-18T15:36:48","modified_gmt":"2024-04-18T13:36:48","slug":"conferencia-santidad-y-patrimonio-moral-de-los-hijos","status":"publish","type":"post","link":"https:\/\/www.parroquiavirgendelcortijo.es\/?p=3422","title":{"rendered":"Conferencia: Santidad y patrimonio moral de los hijos"},"content":{"rendered":"<p>El <strong>lunes, 15 de abril, a las 20:00<\/strong>, tendremos la segunda conferencia del ciclo de la familia de este a\u00f1o, con t\u00edtulo <em>Santidad y patrimonio moral de los hijos<\/em>.<\/p>\n<p>En este encuentro, Jer\u00f3nimo Fumanal nos ense\u00f1ar\u00e1 \u2060c\u00f3mo construir un entorno de vida cristiana en nuestros hogares y alcanzar la aut\u00e9ntica educaci\u00f3n: que los hijos aprendan a amar el bien. La inspiraci\u00f3n del Evangelio y la Gracia de Dios son elementos imprescindibles para lograr esos objetivos a pesar de nuestras imperfecciones como padres. Tambi\u00e9n describir\u00e1 el patrimonio moral que pueden esperar los hijos y hablar\u00e1 de la verdadera y la falsa vida cristiana.<\/p>\n<p>Jer\u00f3nimo Fumanal es subdirector de ESO y Bachillerato del <a href=\"https:\/\/www.fomento.edu\/elprado\/\" target=\"_blank\" rel=\"noopener\">colegio El Prado<\/a> y ponente habitual \u2013y siempre interesante\u2013 en nuestros ciclos de conferencias.<\/p>\n","protected":false},"excerpt":{"rendered":"<p>El lunes, 15 de abril, a las 20:00, tendremos la segunda conferencia del ciclo de la familia de este a\u00f1o, con t\u00edtulo Santidad y patrimonio moral de los hijos. En &hellip; <a href=\"https:\/\/www.parroquiavirgendelcortijo.es\/?p=3422\" class=\"more-link\">Seguir leyendo <span class=\"screen-reader-text\">Conferencia: Santidad y patrimonio moral de los hijos<\/span> <span class=\"meta-nav\">&rarr;<\/span><\/a><\/p>\n","protected":false},"author":1,"featured_media":3423,"comment_status":"closed","ping_status":"closed","sticky":false,"template":"","format":"standard","meta":{"footnotes":""},"categories":[9,35],"tags":[],"class_list":["post-3422","post","type-post","status-publish","format-standard","has-post-thumbnail","hentry","category-pastoral","category-p-familia"],"jetpack_featured_media_url":"https:\/\/www.parroquiavirgendelcortijo.es\/wp-content\/uploads\/2024\/03\/pas-santidadYPatrimonioMoral-dest.jpg","_links":{"self":[{"href":"https:\/\/www.parroquiavirgendelcortijo.es\/index.php?rest_route=\/wp\/v2\/posts\/3422","targetHints":{"allow":["GET"]}}],"collection":[{"href":"https:\/\/www.parroquiavirgendelcortijo.es\/index.php?rest_route=\/wp\/v2\/posts"}],"about":[{"href":"https:\/\/www.parroquiavirgendelcortijo.es\/index.php?rest_route=\/wp\/v2\/types\/post"}],"author":[{"embeddable":true,"href":"https:\/\/www.parroquiavirgendelcortijo.es\/index.php?rest_route=\/wp\/v2\/users\/1"}],"replies":[{"embeddable":true,"href":"https:\/\/www.parroquiavirgendelcortijo.es\/index.php?rest_route=%2Fwp%2Fv2%2Fcomments&post=3422"}],"version-history":[{"count":9,"href":"https:\/\/www.parroquiavirgendelcortijo.es\/index.php?rest_route=\/wp\/v2\/posts\/3422\/revisions"}],"predecessor-version":[{"id":3438,"href":"https:\/\/www.parroquiavirgendelcortijo.es\/index.php?rest_route=\/wp\/v2\/posts\/3422\/revisions\/3438"}],"wp:featuredmedia":[{"embeddable":true,"href":"https:\/\/www.parroquiavirgendelcortijo.es\/index.php?rest_route=\/wp\/v2\/media\/3423"}],"wp:attachment":[{"href":"https:\/\/www.parroquiavirgendelcortijo.es\/index.php?rest_route=%2Fwp%2Fv2%2Fmedia&parent=3422"}],"wp:term":[{"taxonomy":"category","embeddable":true,"href":"https:\/\/www.parroquiavirgendelcortijo.es\/index.php?rest_route=%2Fwp%2Fv2%2Fcategories&post=3422"},{"taxonomy":"post_tag","embeddable":true,"href":"https:\/\/www.parroquiavirgendelcortijo.es\/index.php?rest_route=%2Fwp%2Fv2%2Ftags&post=3422"}],"curies":[{"name":"wp","href":"https:\/\/api.w.org\/{rel}","templated":true}]}}