{"id":3367,"date":"2024-01-09T21:50:18","date_gmt":"2024-01-09T20:50:18","guid":{"rendered":"https:\/\/www.parroquiavirgendelcortijo.es\/?p=3367"},"modified":"2024-02-10T09:22:38","modified_gmt":"2024-02-10T08:22:38","slug":"cursillo-prematrimonial-2024","status":"publish","type":"post","link":"https:\/\/www.parroquiavirgendelcortijo.es\/?p=3367","title":{"rendered":"Cursillo prematrimonial 2024"},"content":{"rendered":"<p>\u00bfEst\u00e1is prepar\u00e1ndoos para iniciar una vida de pareja y casaros por la Iglesia?<\/p>\n<p>Asistid a este cursillo prematrimonial en el que, a trav\u00e9s de 8 charlas, os prepararemos, aconsejaremos y orientaremos para vuestra vida en com\u00fan, como pareja que quiere acercarse al sacramento del Matrimonio.<\/p>\n<p>El cursillo ser\u00e1 los lunes y jueves, desde el d\u00eda 1 hasta el \u00a029 de febrero \u2013excepto el d\u00eda 22\u2013 a las 20:30, en la parroquia.<\/p>\n<p><a href=\"http:\/\/www.parroquiavirgendelcortijo.es\/wp-content\/uploads\/2024\/01\/calendarioCursilloPrematrimonial2024.jpg\"><img loading=\"lazy\" decoding=\"async\" class=\"alignnone size-full wp-image-3371\" src=\"http:\/\/www.parroquiavirgendelcortijo.es\/wp-content\/uploads\/2024\/01\/calendarioCursilloPrematrimonial2024.jpg\" alt=\"\" width=\"600\" height=\"415\" srcset=\"https:\/\/www.parroquiavirgendelcortijo.es\/wp-content\/uploads\/2024\/01\/calendarioCursilloPrematrimonial2024.jpg 600w, https:\/\/www.parroquiavirgendelcortijo.es\/wp-content\/uploads\/2024\/01\/calendarioCursilloPrematrimonial2024-300x208.jpg 300w\" sizes=\"auto, (max-width: 600px) 100vw, 600px\" \/><\/a><\/p>\n<p><span style=\"color: #999999;\">Imagen de <a href=\"https:\/\/unsplash.com\/photos\/gold-wedding-band-on-white-textile-8vaQKYnawHw\" target=\"_blank\" rel=\"noopener\">Sandy Millar<\/a> en <a href=\"https:\/\/unsplash.com\" target=\"_blank\" rel=\"noopener\">Unsplash<\/a>.<\/span><\/p>\n","protected":false},"excerpt":{"rendered":"<p>\u00bfEst\u00e1is prepar\u00e1ndoos para iniciar una vida de pareja y casaros por la Iglesia? Asistid a este cursillo prematrimonial en el que, a trav\u00e9s de 8 charlas, os prepararemos, aconsejaremos y &hellip; <a href=\"https:\/\/www.parroquiavirgendelcortijo.es\/?p=3367\" class=\"more-link\">Seguir leyendo <span class=\"screen-reader-text\">Cursillo prematrimonial 2024<\/span> <span class=\"meta-nav\">&rarr;<\/span><\/a><\/p>\n","protected":false},"author":1,"featured_media":3368,"comment_status":"closed","ping_status":"closed","sticky":false,"template":"","format":"standard","meta":{"footnotes":""},"categories":[9],"tags":[],"class_list":["post-3367","post","type-post","status-publish","format-standard","has-post-thumbnail","hentry","category-pastoral"],"jetpack_featured_media_url":"https:\/\/www.parroquiavirgendelcortijo.es\/wp-content\/uploads\/2024\/01\/pas-cursoPrematrimonial2024-dest.jpg","_links":{"self":[{"href":"https:\/\/www.parroquiavirgendelcortijo.es\/index.php?rest_route=\/wp\/v2\/posts\/3367","targetHints":{"allow":["GET"]}}],"collection":[{"href":"https:\/\/www.parroquiavirgendelcortijo.es\/index.php?rest_route=\/wp\/v2\/posts"}],"about":[{"href":"https:\/\/www.parroquiavirgendelcortijo.es\/index.php?rest_route=\/wp\/v2\/types\/post"}],"author":[{"embeddable":true,"href":"https:\/\/www.parroquiavirgendelcortijo.es\/index.php?rest_route=\/wp\/v2\/users\/1"}],"replies":[{"embeddable":true,"href":"https:\/\/www.parroquiavirgendelcortijo.es\/index.php?rest_route=%2Fwp%2Fv2%2Fcomments&post=3367"}],"version-history":[{"count":3,"href":"https:\/\/www.parroquiavirgendelcortijo.es\/index.php?rest_route=\/wp\/v2\/posts\/3367\/revisions"}],"predecessor-version":[{"id":3372,"href":"https:\/\/www.parroquiavirgendelcortijo.es\/index.php?rest_route=\/wp\/v2\/posts\/3367\/revisions\/3372"}],"wp:featuredmedia":[{"embeddable":true,"href":"https:\/\/www.parroquiavirgendelcortijo.es\/index.php?rest_route=\/wp\/v2\/media\/3368"}],"wp:attachment":[{"href":"https:\/\/www.parroquiavirgendelcortijo.es\/index.php?rest_route=%2Fwp%2Fv2%2Fmedia&parent=3367"}],"wp:term":[{"taxonomy":"category","embeddable":true,"href":"https:\/\/www.parroquiavirgendelcortijo.es\/index.php?rest_route=%2Fwp%2Fv2%2Fcategories&post=3367"},{"taxonomy":"post_tag","embeddable":true,"href":"https:\/\/www.parroquiavirgendelcortijo.es\/index.php?rest_route=%2Fwp%2Fv2%2Ftags&post=3367"}],"curies":[{"name":"wp","href":"https:\/\/api.w.org\/{rel}","templated":true}]}}