{"id":3319,"date":"2023-11-05T14:42:33","date_gmt":"2023-11-05T13:42:33","guid":{"rendered":"https:\/\/www.parroquiavirgendelcortijo.es\/?p=3319"},"modified":"2023-11-12T17:09:52","modified_gmt":"2023-11-12T16:09:52","slug":"dia-de-la-iglesia-diocesana-2023","status":"publish","type":"post","link":"https:\/\/www.parroquiavirgendelcortijo.es\/?p=3319","title":{"rendered":"D\u00eda de la Iglesia Diocesana 2023"},"content":{"rendered":"<p>El pr\u00f3ximo domingo, 12 de noviembre, celebramos el D\u00eda de la Iglesia \u00a0diocesana, este a\u00f1o con el lema <em>Orgullosos de nuestra fe<\/em>.<\/p>\n<p>Como miembros de esa gran familia que es la Iglesia Cat\u00f3lica, ese d\u00eda se nos anima de manera especial al agradecimiento y a colaborar con la Iglesia con&#8230;<\/p>\n<ul>\n<li><strong>tu oraci\u00f3n:<\/strong>\u00a0Puedes rezar por tu parroquia porque tu oraci\u00f3n es necesaria y ser\u00e1 el alma de toda la actividad que se realice. Con ella, los frutos ser\u00e1n mayores y m\u00e1s permanentes.<\/li>\n<li><strong>tu tiempo: <\/strong>Dedica algo de tu tiempo en tu parroquia a los dem\u00e1s. El tiempo que puedas: media hora, una, tres horas\u2026 Lo que se ajuste a tu situaci\u00f3n de vida.<\/li>\n<li><strong>tus cualidades:<\/strong>\u00a0Cada uno puede aportar un poco de lo que sabe: una sonrisa cercana, una mano que apoya un hombro desconsolado, remangarse cuando sea necesario, acompa\u00f1ar en silencio al que sufre.<\/li>\n<li><strong>tu apoyo econ\u00f3mico:<\/strong>\u00a0<a href=\"https:\/\/www.donoamiiglesia.es\/san\/Home#!\/\" target=\"_blank\" rel=\"noopener\">Haz un donativo<\/a>. Con tu aportaci\u00f3n peri\u00f3dica ayudas m\u00e1s, porque permite elaborar presupuestos y mejorar la utilizaci\u00f3n de los recursos y planificar acciones a medio y largo plazo.<\/li>\n<\/ul>\n<p>Lo que la Iglesia hace es gracias a la ayuda de todo el pueblo de Dios.<\/p>\n<p><iframe loading=\"lazy\" title=\"Orgullosos de nuestra fe\" width=\"474\" height=\"267\" src=\"https:\/\/www.youtube.com\/embed\/cXRFHPAhq6Q?feature=oembed\" frameborder=\"0\" allow=\"accelerometer; autoplay; clipboard-write; encrypted-media; gyroscope; picture-in-picture; web-share\" referrerpolicy=\"strict-origin-when-cross-origin\" allowfullscreen><\/iframe><\/p>\n<p>&nbsp;<\/p>\n","protected":false},"excerpt":{"rendered":"<p>El pr\u00f3ximo domingo, 12 de noviembre, celebramos el D\u00eda de la Iglesia \u00a0diocesana, este a\u00f1o con el lema Orgullosos de nuestra fe. Como miembros de esa gran familia que es &hellip; <a href=\"https:\/\/www.parroquiavirgendelcortijo.es\/?p=3319\" class=\"more-link\">Seguir leyendo <span class=\"screen-reader-text\">D\u00eda de la Iglesia Diocesana 2023<\/span> <span class=\"meta-nav\">&rarr;<\/span><\/a><\/p>\n","protected":false},"author":1,"featured_media":3320,"comment_status":"closed","ping_status":"closed","sticky":false,"template":"","format":"standard","meta":{"footnotes":""},"categories":[22],"tags":[],"class_list":["post-3319","post","type-post","status-publish","format-standard","has-post-thumbnail","hentry","category-avisos"],"jetpack_featured_media_url":"https:\/\/www.parroquiavirgendelcortijo.es\/wp-content\/uploads\/2023\/11\/gral-diaIglesiaDiocesana2023-dest.jpg","_links":{"self":[{"href":"https:\/\/www.parroquiavirgendelcortijo.es\/index.php?rest_route=\/wp\/v2\/posts\/3319","targetHints":{"allow":["GET"]}}],"collection":[{"href":"https:\/\/www.parroquiavirgendelcortijo.es\/index.php?rest_route=\/wp\/v2\/posts"}],"about":[{"href":"https:\/\/www.parroquiavirgendelcortijo.es\/index.php?rest_route=\/wp\/v2\/types\/post"}],"author":[{"embeddable":true,"href":"https:\/\/www.parroquiavirgendelcortijo.es\/index.php?rest_route=\/wp\/v2\/users\/1"}],"replies":[{"embeddable":true,"href":"https:\/\/www.parroquiavirgendelcortijo.es\/index.php?rest_route=%2Fwp%2Fv2%2Fcomments&post=3319"}],"version-history":[{"count":1,"href":"https:\/\/www.parroquiavirgendelcortijo.es\/index.php?rest_route=\/wp\/v2\/posts\/3319\/revisions"}],"predecessor-version":[{"id":3321,"href":"https:\/\/www.parroquiavirgendelcortijo.es\/index.php?rest_route=\/wp\/v2\/posts\/3319\/revisions\/3321"}],"wp:featuredmedia":[{"embeddable":true,"href":"https:\/\/www.parroquiavirgendelcortijo.es\/index.php?rest_route=\/wp\/v2\/media\/3320"}],"wp:attachment":[{"href":"https:\/\/www.parroquiavirgendelcortijo.es\/index.php?rest_route=%2Fwp%2Fv2%2Fmedia&parent=3319"}],"wp:term":[{"taxonomy":"category","embeddable":true,"href":"https:\/\/www.parroquiavirgendelcortijo.es\/index.php?rest_route=%2Fwp%2Fv2%2Fcategories&post=3319"},{"taxonomy":"post_tag","embeddable":true,"href":"https:\/\/www.parroquiavirgendelcortijo.es\/index.php?rest_route=%2Fwp%2Fv2%2Ftags&post=3319"}],"curies":[{"name":"wp","href":"https:\/\/api.w.org\/{rel}","templated":true}]}}