{"id":3302,"date":"2023-10-11T22:13:19","date_gmt":"2023-10-11T20:13:19","guid":{"rendered":"https:\/\/www.parroquiavirgendelcortijo.es\/?p=3302"},"modified":"2023-11-05T14:43:13","modified_gmt":"2023-11-05T13:43:13","slug":"obras-de-remodelacion","status":"publish","type":"post","link":"https:\/\/www.parroquiavirgendelcortijo.es\/?p=3302","title":{"rendered":"Obras de remodelaci\u00f3n"},"content":{"rendered":"<p>El pasado mi\u00e9rcoles, 4 de octubre, comenzaron las obras de remodelaci\u00f3n en el templo. La duraci\u00f3n prevista de los trabajos es de dos semanas. Mientras tanto&#8230;<\/p>\n<ul>\n<li>las misas de diario y la de los s\u00e1bados se celebrar\u00e1n en la capilla,<\/li>\n<li>las misas de los domingos \u2013a excepci\u00f3n de la misa de 13:00\u2013 se celebrar\u00e1n en los salones y<\/li>\n<li>la misa de 13:00 de los domingos se celebrar\u00e1 en la capilla<\/li>\n<\/ul>\n<p>&nbsp;<\/p>\n<p><span style=\"color: #999999;\">Imagen de <a href=\"https:\/\/unsplash.com\/es\/fotos\/biRt6RXejuk\" target=\"_blank\" rel=\"noopener\">Stefan Lehner<\/a>, en <a href=\"https:\/\/unsplash.com\/\" target=\"_blank\" rel=\"noopener\">Unsplash<\/a>. Encuadre.<\/span><\/p>\n","protected":false},"excerpt":{"rendered":"<p>El pasado mi\u00e9rcoles, 4 de octubre, comenzaron las obras de remodelaci\u00f3n en el templo. La duraci\u00f3n prevista de los trabajos es de dos semanas. Mientras tanto&#8230; las misas de diario &hellip; <a href=\"https:\/\/www.parroquiavirgendelcortijo.es\/?p=3302\" class=\"more-link\">Seguir leyendo <span class=\"screen-reader-text\">Obras de remodelaci\u00f3n<\/span> <span class=\"meta-nav\">&rarr;<\/span><\/a><\/p>\n","protected":false},"author":1,"featured_media":3303,"comment_status":"closed","ping_status":"closed","sticky":false,"template":"","format":"standard","meta":{"footnotes":""},"categories":[22],"tags":[],"class_list":["post-3302","post","type-post","status-publish","format-standard","has-post-thumbnail","hentry","category-avisos"],"jetpack_featured_media_url":"https:\/\/www.parroquiavirgendelcortijo.es\/wp-content\/uploads\/2023\/10\/gral-remodelacion-dest.jpg","_links":{"self":[{"href":"https:\/\/www.parroquiavirgendelcortijo.es\/index.php?rest_route=\/wp\/v2\/posts\/3302","targetHints":{"allow":["GET"]}}],"collection":[{"href":"https:\/\/www.parroquiavirgendelcortijo.es\/index.php?rest_route=\/wp\/v2\/posts"}],"about":[{"href":"https:\/\/www.parroquiavirgendelcortijo.es\/index.php?rest_route=\/wp\/v2\/types\/post"}],"author":[{"embeddable":true,"href":"https:\/\/www.parroquiavirgendelcortijo.es\/index.php?rest_route=\/wp\/v2\/users\/1"}],"replies":[{"embeddable":true,"href":"https:\/\/www.parroquiavirgendelcortijo.es\/index.php?rest_route=%2Fwp%2Fv2%2Fcomments&post=3302"}],"version-history":[{"count":1,"href":"https:\/\/www.parroquiavirgendelcortijo.es\/index.php?rest_route=\/wp\/v2\/posts\/3302\/revisions"}],"predecessor-version":[{"id":3304,"href":"https:\/\/www.parroquiavirgendelcortijo.es\/index.php?rest_route=\/wp\/v2\/posts\/3302\/revisions\/3304"}],"wp:featuredmedia":[{"embeddable":true,"href":"https:\/\/www.parroquiavirgendelcortijo.es\/index.php?rest_route=\/wp\/v2\/media\/3303"}],"wp:attachment":[{"href":"https:\/\/www.parroquiavirgendelcortijo.es\/index.php?rest_route=%2Fwp%2Fv2%2Fmedia&parent=3302"}],"wp:term":[{"taxonomy":"category","embeddable":true,"href":"https:\/\/www.parroquiavirgendelcortijo.es\/index.php?rest_route=%2Fwp%2Fv2%2Fcategories&post=3302"},{"taxonomy":"post_tag","embeddable":true,"href":"https:\/\/www.parroquiavirgendelcortijo.es\/index.php?rest_route=%2Fwp%2Fv2%2Ftags&post=3302"}],"curies":[{"name":"wp","href":"https:\/\/api.w.org\/{rel}","templated":true}]}}