{"id":3259,"date":"2023-06-08T16:28:05","date_gmt":"2023-06-08T14:28:05","guid":{"rendered":"https:\/\/www.parroquiavirgendelcortijo.es\/?p=3259"},"modified":"2024-10-03T19:41:09","modified_gmt":"2024-10-03T17:41:09","slug":"video","status":"publish","type":"post","link":"https:\/\/www.parroquiavirgendelcortijo.es\/?p=3259","title":{"rendered":"V\u00eddeo: La sexualidad es un don De Dios"},"content":{"rendered":"<p>Ya est\u00e1 disponible <a href=\"https:\/\/youtu.be\/CBpELfCAlzw\" target=\"_blank\" rel=\"noopener\">el v\u00eddeo<\/a> de <a href=\"https:\/\/www.parroquiavirgendelcortijo.es\/?p=3241\">la conferencia que nos ofreci\u00f3 Jes\u00fas \u00dabeda<\/a>, \u201c<em>La sexualidad es un don de Dios<\/em>\u201d.<\/p>\n<p><iframe loading=\"lazy\" title=\"La sexualidad es un don. Introducci\u00f3n Teolog\u00eda del cuerpo San Juan Pablo II.  D. Jesus \u00dabeda\" width=\"474\" height=\"267\" src=\"https:\/\/www.youtube.com\/embed\/CBpELfCAlzw?feature=oembed\" frameborder=\"0\" allow=\"accelerometer; autoplay; clipboard-write; encrypted-media; gyroscope; picture-in-picture; web-share\" referrerpolicy=\"strict-origin-when-cross-origin\" allowfullscreen><\/iframe><\/p>\n<p>Como ya dijimos en su d\u00eda, esta charla \u2013y el v\u00eddeo\u2013 son recomendables para cualquiera desde ni\u00f1os de 12 a\u00f1os, pasando por adolescentes y educadores.<\/p>\n","protected":false},"excerpt":{"rendered":"<p>Ya est\u00e1 disponible el v\u00eddeo de la conferencia que nos ofreci\u00f3 Jes\u00fas \u00dabeda, \u201cLa sexualidad es un don de Dios\u201d. Como ya dijimos en su d\u00eda, esta charla \u2013y el &hellip; <a href=\"https:\/\/www.parroquiavirgendelcortijo.es\/?p=3259\" class=\"more-link\">Seguir leyendo <span class=\"screen-reader-text\">V\u00eddeo: La sexualidad es un don De Dios<\/span> <span class=\"meta-nav\">&rarr;<\/span><\/a><\/p>\n","protected":false},"author":1,"featured_media":3260,"comment_status":"closed","ping_status":"closed","sticky":false,"template":"","format":"standard","meta":{"footnotes":""},"categories":[9,35],"tags":[32],"class_list":["post-3259","post","type-post","status-publish","format-standard","has-post-thumbnail","hentry","category-pastoral","category-p-familia","tag-videos"],"jetpack_featured_media_url":"https:\/\/www.parroquiavirgendelcortijo.es\/wp-content\/uploads\/2023\/06\/gral-videoSexualidadDonDeDios-dest.jpg","_links":{"self":[{"href":"https:\/\/www.parroquiavirgendelcortijo.es\/index.php?rest_route=\/wp\/v2\/posts\/3259","targetHints":{"allow":["GET"]}}],"collection":[{"href":"https:\/\/www.parroquiavirgendelcortijo.es\/index.php?rest_route=\/wp\/v2\/posts"}],"about":[{"href":"https:\/\/www.parroquiavirgendelcortijo.es\/index.php?rest_route=\/wp\/v2\/types\/post"}],"author":[{"embeddable":true,"href":"https:\/\/www.parroquiavirgendelcortijo.es\/index.php?rest_route=\/wp\/v2\/users\/1"}],"replies":[{"embeddable":true,"href":"https:\/\/www.parroquiavirgendelcortijo.es\/index.php?rest_route=%2Fwp%2Fv2%2Fcomments&post=3259"}],"version-history":[{"count":3,"href":"https:\/\/www.parroquiavirgendelcortijo.es\/index.php?rest_route=\/wp\/v2\/posts\/3259\/revisions"}],"predecessor-version":[{"id":3270,"href":"https:\/\/www.parroquiavirgendelcortijo.es\/index.php?rest_route=\/wp\/v2\/posts\/3259\/revisions\/3270"}],"wp:featuredmedia":[{"embeddable":true,"href":"https:\/\/www.parroquiavirgendelcortijo.es\/index.php?rest_route=\/wp\/v2\/media\/3260"}],"wp:attachment":[{"href":"https:\/\/www.parroquiavirgendelcortijo.es\/index.php?rest_route=%2Fwp%2Fv2%2Fmedia&parent=3259"}],"wp:term":[{"taxonomy":"category","embeddable":true,"href":"https:\/\/www.parroquiavirgendelcortijo.es\/index.php?rest_route=%2Fwp%2Fv2%2Fcategories&post=3259"},{"taxonomy":"post_tag","embeddable":true,"href":"https:\/\/www.parroquiavirgendelcortijo.es\/index.php?rest_route=%2Fwp%2Fv2%2Ftags&post=3259"}],"curies":[{"name":"wp","href":"https:\/\/api.w.org\/{rel}","templated":true}]}}