{"id":3032,"date":"2022-11-09T22:29:22","date_gmt":"2022-11-09T21:29:22","guid":{"rendered":"https:\/\/www.parroquiavirgendelcortijo.es\/?p=3032"},"modified":"2023-01-11T21:54:39","modified_gmt":"2023-01-11T20:54:39","slug":"evangelios-2023","status":"publish","type":"post","link":"https:\/\/www.parroquiavirgendelcortijo.es\/?p=3032","title":{"rendered":"Evangelios 2023"},"content":{"rendered":"<p>Ya est\u00e1n disponibles los Evangelios de 2023. Los pod\u00e9is adquirir en la parroquia al precio de 5\u20ac por unidad.<\/p>\n<p>Los calendarios de 2023 tambi\u00e9n est\u00e1n disponibles por s\u00f3lo 2,50\u20ac.<\/p>\n","protected":false},"excerpt":{"rendered":"<p>Ya est\u00e1n disponibles los Evangelios de 2023. Los pod\u00e9is adquirir en la parroquia al precio de 5\u20ac por unidad. Los calendarios de 2023 tambi\u00e9n est\u00e1n disponibles por s\u00f3lo 2,50\u20ac.<\/p>\n","protected":false},"author":1,"featured_media":3054,"comment_status":"closed","ping_status":"closed","sticky":false,"template":"","format":"standard","meta":{"footnotes":""},"categories":[22],"tags":[],"class_list":["post-3032","post","type-post","status-publish","format-standard","has-post-thumbnail","hentry","category-avisos"],"jetpack_featured_media_url":"https:\/\/www.parroquiavirgendelcortijo.es\/wp-content\/uploads\/2022\/11\/gral-evangelio2023-actualizado-dest.jpg","_links":{"self":[{"href":"https:\/\/www.parroquiavirgendelcortijo.es\/index.php?rest_route=\/wp\/v2\/posts\/3032","targetHints":{"allow":["GET"]}}],"collection":[{"href":"https:\/\/www.parroquiavirgendelcortijo.es\/index.php?rest_route=\/wp\/v2\/posts"}],"about":[{"href":"https:\/\/www.parroquiavirgendelcortijo.es\/index.php?rest_route=\/wp\/v2\/types\/post"}],"author":[{"embeddable":true,"href":"https:\/\/www.parroquiavirgendelcortijo.es\/index.php?rest_route=\/wp\/v2\/users\/1"}],"replies":[{"embeddable":true,"href":"https:\/\/www.parroquiavirgendelcortijo.es\/index.php?rest_route=%2Fwp%2Fv2%2Fcomments&post=3032"}],"version-history":[{"count":3,"href":"https:\/\/www.parroquiavirgendelcortijo.es\/index.php?rest_route=\/wp\/v2\/posts\/3032\/revisions"}],"predecessor-version":[{"id":3046,"href":"https:\/\/www.parroquiavirgendelcortijo.es\/index.php?rest_route=\/wp\/v2\/posts\/3032\/revisions\/3046"}],"wp:featuredmedia":[{"embeddable":true,"href":"https:\/\/www.parroquiavirgendelcortijo.es\/index.php?rest_route=\/wp\/v2\/media\/3054"}],"wp:attachment":[{"href":"https:\/\/www.parroquiavirgendelcortijo.es\/index.php?rest_route=%2Fwp%2Fv2%2Fmedia&parent=3032"}],"wp:term":[{"taxonomy":"category","embeddable":true,"href":"https:\/\/www.parroquiavirgendelcortijo.es\/index.php?rest_route=%2Fwp%2Fv2%2Fcategories&post=3032"},{"taxonomy":"post_tag","embeddable":true,"href":"https:\/\/www.parroquiavirgendelcortijo.es\/index.php?rest_route=%2Fwp%2Fv2%2Ftags&post=3032"}],"curies":[{"name":"wp","href":"https:\/\/api.w.org\/{rel}","templated":true}]}}