{"id":2993,"date":"2022-06-01T00:06:16","date_gmt":"2022-05-31T22:06:16","guid":{"rendered":"https:\/\/www.parroquiavirgendelcortijo.es\/?p=2993"},"modified":"2022-06-27T14:32:16","modified_gmt":"2022-06-27T12:32:16","slug":"peregrinacion-de-jovenes-a-turin","status":"publish","type":"post","link":"https:\/\/www.parroquiavirgendelcortijo.es\/?p=2993","title":{"rendered":"Peregrinaci\u00f3n de j\u00f3venes a Tur\u00edn"},"content":{"rendered":"<p>Los j\u00f3venes de la parroquia se van de peregrinaci\u00f3n a Tur\u00edn y han organizado unas actividades para recaudar dinero y ayudar a costearse el viaje.<\/p>\n<h4>Cena italiana gourmet<\/h4>\n<p>Los <strong>viernes 10 y 24 de junio<\/strong>, en las salas de la parroquia. El precio de esta extraordinaria cena es de 15 \u20ac por persona e incluye servicio de guarder\u00eda para quienes lo necesiten.<\/p>\n<p><strong>Las entradas se pondr\u00e1n a la venta en la misa de 12:00 de los domingos, a partir del 5 de junio.<\/strong><\/p>\n<p>Si quieres colaborar pero no quieres engordar, los j\u00f3venes peregrinos ofrecen la novedosa\u00a0<strong>cena 0,0% grasa<\/strong>, con la que se contribuye el precio del men\u00fa, pero <strong>no<\/strong> se va a cenar (es un donativo,\u00a0como la <em>fila cero<\/em> en los conciertos o el teatro).<\/p>\n<h4>Cinef\u00f3rum<\/h4>\n<p>El <strong>domingo, 19 de junio, a las 17:30<\/strong>, en las salas de la parroquia. Se proyectar\u00e1 una pel\u00edcula sorpresa y apta para todos los p\u00fablicos. \u00a1Seguro que os gustar\u00e1!<\/p>\n<p>El precio es:<\/p>\n<ul>\n<li>entrada + bebida + palomitas: 5 \u20ac por persona<\/li>\n<\/ul>\n<p>y hay descuentos especiales para miembros de la misma familia:<\/p>\n<ul>\n<li>2 entradas + 2 bebidas + 2 palomitas por 7,50 \u20ac<\/li>\n<li>3\u00a0entradas + 3 bebidas + 3 palomitas por s\u00f3lo 10 \u20ac<\/li>\n<\/ul>\n<p>No hay l\u00edmite de edad. Los menores estar\u00e1n atendidos y acompa\u00f1ados por los peregrinos.<\/p>\n<p>&nbsp;<\/p>\n<p><span style=\"color: #999999;\">Imagen de <a href=\"https:\/\/unsplash.com\/es\/fotos\/J6Dj1E7tUgs\" target=\"_blank\" rel=\"noopener\">Fabio Fistarol<\/a> en <a href=\"https:\/\/unsplash.com\" target=\"_blank\" rel=\"noopener\">Unsplash<\/a>. Encuadre.<\/span><\/p>\n","protected":false},"excerpt":{"rendered":"<p>Los j\u00f3venes de la parroquia se van de peregrinaci\u00f3n a Tur\u00edn y han organizado unas actividades para recaudar dinero y ayudar a costearse el viaje. Cena italiana gourmet Los viernes &hellip; <a href=\"https:\/\/www.parroquiavirgendelcortijo.es\/?p=2993\" class=\"more-link\">Seguir leyendo <span class=\"screen-reader-text\">Peregrinaci\u00f3n de j\u00f3venes a Tur\u00edn<\/span> <span class=\"meta-nav\">&rarr;<\/span><\/a><\/p>\n","protected":false},"author":1,"featured_media":2994,"comment_status":"closed","ping_status":"closed","sticky":false,"template":"","format":"standard","meta":{"footnotes":""},"categories":[8,38],"tags":[],"class_list":["post-2993","post","type-post","status-publish","format-standard","has-post-thumbnail","hentry","category-actividades","category-juventud"],"jetpack_featured_media_url":"https:\/\/www.parroquiavirgendelcortijo.es\/wp-content\/uploads\/2022\/06\/act-peregrinacionATurin-dest.jpg","_links":{"self":[{"href":"https:\/\/www.parroquiavirgendelcortijo.es\/index.php?rest_route=\/wp\/v2\/posts\/2993","targetHints":{"allow":["GET"]}}],"collection":[{"href":"https:\/\/www.parroquiavirgendelcortijo.es\/index.php?rest_route=\/wp\/v2\/posts"}],"about":[{"href":"https:\/\/www.parroquiavirgendelcortijo.es\/index.php?rest_route=\/wp\/v2\/types\/post"}],"author":[{"embeddable":true,"href":"https:\/\/www.parroquiavirgendelcortijo.es\/index.php?rest_route=\/wp\/v2\/users\/1"}],"replies":[{"embeddable":true,"href":"https:\/\/www.parroquiavirgendelcortijo.es\/index.php?rest_route=%2Fwp%2Fv2%2Fcomments&post=2993"}],"version-history":[{"count":1,"href":"https:\/\/www.parroquiavirgendelcortijo.es\/index.php?rest_route=\/wp\/v2\/posts\/2993\/revisions"}],"predecessor-version":[{"id":2995,"href":"https:\/\/www.parroquiavirgendelcortijo.es\/index.php?rest_route=\/wp\/v2\/posts\/2993\/revisions\/2995"}],"wp:featuredmedia":[{"embeddable":true,"href":"https:\/\/www.parroquiavirgendelcortijo.es\/index.php?rest_route=\/wp\/v2\/media\/2994"}],"wp:attachment":[{"href":"https:\/\/www.parroquiavirgendelcortijo.es\/index.php?rest_route=%2Fwp%2Fv2%2Fmedia&parent=2993"}],"wp:term":[{"taxonomy":"category","embeddable":true,"href":"https:\/\/www.parroquiavirgendelcortijo.es\/index.php?rest_route=%2Fwp%2Fv2%2Fcategories&post=2993"},{"taxonomy":"post_tag","embeddable":true,"href":"https:\/\/www.parroquiavirgendelcortijo.es\/index.php?rest_route=%2Fwp%2Fv2%2Ftags&post=2993"}],"curies":[{"name":"wp","href":"https:\/\/api.w.org\/{rel}","templated":true}]}}