{"id":2978,"date":"2022-05-07T09:34:32","date_gmt":"2022-05-07T07:34:32","guid":{"rendered":"https:\/\/www.parroquiavirgendelcortijo.es\/?p=2978"},"modified":"2022-05-21T21:48:12","modified_gmt":"2022-05-21T19:48:12","slug":"pascua-del-enfermo","status":"publish","type":"post","link":"https:\/\/www.parroquiavirgendelcortijo.es\/?p=2978","title":{"rendered":"Pascua del enfermo"},"content":{"rendered":"<p>Como cierre de la <a href=\"https:\/\/www.parroquiavirgendelcortijo.es\/?p=2809\">Campa\u00f1a del Enfermo de 2022<\/a>, que tiene por lema <em>Acompa\u00f1ar en el sufrimiento,<\/em>\u00a0la Iglesia celebra la Pascua del Enfermo el pr\u00f3ximo 22 de mayo.<\/p>\n<p>El arzobispado de Madrid nos invita a todos \u2013pero especialmente a\u00a0enfermos, capellanes, religiosas y religiosos al servicio de los enfermos, profesionales de la salud y voluntarios de pastoral de la salud\u2013 a la Eucarist\u00eda con unci\u00f3n de los enfermos que tendr\u00e1 lugar el <strong>domingo, 22 de mayo, a las 19:00<\/strong>, en la Parroquia de Nuestra Se\u00f1ora de los \u00c1ngeles (<a href=\"https:\/\/www.google.com\/maps\/place\/Parroquia+Nuestra+Se%C3%B1ora+de+los+%C3%81ngeles\/@40.4458733,-3.7066349,17z\/data=!4m5!3m4!1s0xd422857ca7c3c7b:0x62dcc95dc0a2dce9!8m2!3d40.4458461!4d-3.7043047\" target=\"_blank\" rel=\"noopener\">C\/ Bravo Murillo, 93<\/a> \u2013 <a href=\"https:\/\/www.metromadrid.es\/es\/linea\/linea-1#estacion-106\" target=\"_blank\" rel=\"noopener\">Metro Cuatro Caminos<\/a>), y que estar\u00e1 presidida por nuestro arzobispo, Carlos Osoro.<\/p>\n","protected":false},"excerpt":{"rendered":"<p>Como cierre de la Campa\u00f1a del Enfermo de 2022, que tiene por lema Acompa\u00f1ar en el sufrimiento,\u00a0la Iglesia celebra la Pascua del Enfermo el pr\u00f3ximo 22 de mayo. El arzobispado &hellip; <a href=\"https:\/\/www.parroquiavirgendelcortijo.es\/?p=2978\" class=\"more-link\">Seguir leyendo <span class=\"screen-reader-text\">Pascua del enfermo<\/span> <span class=\"meta-nav\">&rarr;<\/span><\/a><\/p>\n","protected":false},"author":1,"featured_media":2810,"comment_status":"closed","ping_status":"closed","sticky":false,"template":"","format":"standard","meta":{"footnotes":""},"categories":[8,26,9],"tags":[],"class_list":["post-2978","post","type-post","status-publish","format-standard","has-post-thumbnail","hentry","category-actividades","category-externas","category-pastoral"],"jetpack_featured_media_url":"https:\/\/www.parroquiavirgendelcortijo.es\/wp-content\/uploads\/2022\/02\/pas-jornadaDelEnfermo2022-dest.jpg","_links":{"self":[{"href":"https:\/\/www.parroquiavirgendelcortijo.es\/index.php?rest_route=\/wp\/v2\/posts\/2978","targetHints":{"allow":["GET"]}}],"collection":[{"href":"https:\/\/www.parroquiavirgendelcortijo.es\/index.php?rest_route=\/wp\/v2\/posts"}],"about":[{"href":"https:\/\/www.parroquiavirgendelcortijo.es\/index.php?rest_route=\/wp\/v2\/types\/post"}],"author":[{"embeddable":true,"href":"https:\/\/www.parroquiavirgendelcortijo.es\/index.php?rest_route=\/wp\/v2\/users\/1"}],"replies":[{"embeddable":true,"href":"https:\/\/www.parroquiavirgendelcortijo.es\/index.php?rest_route=%2Fwp%2Fv2%2Fcomments&post=2978"}],"version-history":[{"count":2,"href":"https:\/\/www.parroquiavirgendelcortijo.es\/index.php?rest_route=\/wp\/v2\/posts\/2978\/revisions"}],"predecessor-version":[{"id":2980,"href":"https:\/\/www.parroquiavirgendelcortijo.es\/index.php?rest_route=\/wp\/v2\/posts\/2978\/revisions\/2980"}],"wp:featuredmedia":[{"embeddable":true,"href":"https:\/\/www.parroquiavirgendelcortijo.es\/index.php?rest_route=\/wp\/v2\/media\/2810"}],"wp:attachment":[{"href":"https:\/\/www.parroquiavirgendelcortijo.es\/index.php?rest_route=%2Fwp%2Fv2%2Fmedia&parent=2978"}],"wp:term":[{"taxonomy":"category","embeddable":true,"href":"https:\/\/www.parroquiavirgendelcortijo.es\/index.php?rest_route=%2Fwp%2Fv2%2Fcategories&post=2978"},{"taxonomy":"post_tag","embeddable":true,"href":"https:\/\/www.parroquiavirgendelcortijo.es\/index.php?rest_route=%2Fwp%2Fv2%2Ftags&post=2978"}],"curies":[{"name":"wp","href":"https:\/\/api.w.org\/{rel}","templated":true}]}}