{"id":2974,"date":"2022-04-24T08:36:15","date_gmt":"2022-04-24T06:36:15","guid":{"rendered":"https:\/\/www.parroquiavirgendelcortijo.es\/?p=2974"},"modified":"2022-06-28T16:39:12","modified_gmt":"2022-06-28T14:39:12","slug":"renta-2022-marca-las-x","status":"publish","type":"post","link":"https:\/\/www.parroquiavirgendelcortijo.es\/?p=2974","title":{"rendered":"Renta 2022: \u00a1Marca las X!"},"content":{"rendered":"<p>Aunque no siempre la veamos, la Iglesia Cat\u00f3lica est\u00e1 ah\u00ed, junto a quienes m\u00e1s la necesitan, 24 horas al d\u00eda, los 365 d\u00edas del a\u00f1o.<\/p>\n<p>Cuando hag\u00e1is vuestra <a href=\"https:\/\/sede.agenciatributaria.gob.es\/Sede\/Renta.html\" target=\"_blank\" rel=\"noopener\">declaraci\u00f3n de la renta<\/a>\u00a0correspondiente al a\u00f1o 2021, os animamos a marcar con una X la casilla <strong>[105]\u00a0Asignaci\u00f3n tributaria a la Iglesia Cat\u00f3lica<\/strong>. Hacienda no os cobrar\u00e1 m\u00e1s ni os devolver\u00e1 menos. Poner una X en esa casilla supone, sencillamente, dedicar parte de los impuestos que ya pag\u00e1is a sufragar <a href=\"https:\/\/www.portantos.es\/xtantos2022\/\" target=\"_blank\" rel=\"noopener\">tantas y tantas actividades<\/a> que realiza la Iglesia.<\/p>\n<p>Tambi\u00e9n os animamos a marcar la casilla <strong>[106] Asignaci\u00f3n de cantidades a actividades de inter\u00e9s general consideradas de inter\u00e9s social<\/strong>. Hacienda os cobrar\u00e1 m\u00e1s ni os devolver\u00e1 menos, y hay organizaciones de la Iglesia \u2013<a href=\"https:\/\/www.caritas.es\/campanas\/doble-x-declaracion-renta\/\" target=\"_blank\" rel=\"noopener\">C\u00e1ritas<\/a>, por ejemplo\u2013 que, a trav\u00e9s de a esa casilla, tambi\u00e9n reciben fondos para realizar su valiosa labor.<\/p>\n","protected":false},"excerpt":{"rendered":"<p>Aunque no siempre la veamos, la Iglesia Cat\u00f3lica est\u00e1 ah\u00ed, junto a quienes m\u00e1s la necesitan, 24 horas al d\u00eda, los 365 d\u00edas del a\u00f1o. Cuando hag\u00e1is vuestra declaraci\u00f3n de &hellip; <a href=\"https:\/\/www.parroquiavirgendelcortijo.es\/?p=2974\" class=\"more-link\">Seguir leyendo <span class=\"screen-reader-text\">Renta 2022: \u00a1Marca las X!<\/span> <span class=\"meta-nav\">&rarr;<\/span><\/a><\/p>\n","protected":false},"author":1,"featured_media":2975,"comment_status":"closed","ping_status":"closed","sticky":false,"template":"","format":"standard","meta":{"footnotes":""},"categories":[22],"tags":[],"class_list":["post-2974","post","type-post","status-publish","format-standard","has-post-thumbnail","hentry","category-avisos"],"jetpack_featured_media_url":"https:\/\/www.parroquiavirgendelcortijo.es\/wp-content\/uploads\/2022\/04\/gral-renta2022-dest.gif","_links":{"self":[{"href":"https:\/\/www.parroquiavirgendelcortijo.es\/index.php?rest_route=\/wp\/v2\/posts\/2974","targetHints":{"allow":["GET"]}}],"collection":[{"href":"https:\/\/www.parroquiavirgendelcortijo.es\/index.php?rest_route=\/wp\/v2\/posts"}],"about":[{"href":"https:\/\/www.parroquiavirgendelcortijo.es\/index.php?rest_route=\/wp\/v2\/types\/post"}],"author":[{"embeddable":true,"href":"https:\/\/www.parroquiavirgendelcortijo.es\/index.php?rest_route=\/wp\/v2\/users\/1"}],"replies":[{"embeddable":true,"href":"https:\/\/www.parroquiavirgendelcortijo.es\/index.php?rest_route=%2Fwp%2Fv2%2Fcomments&post=2974"}],"version-history":[{"count":1,"href":"https:\/\/www.parroquiavirgendelcortijo.es\/index.php?rest_route=\/wp\/v2\/posts\/2974\/revisions"}],"predecessor-version":[{"id":2976,"href":"https:\/\/www.parroquiavirgendelcortijo.es\/index.php?rest_route=\/wp\/v2\/posts\/2974\/revisions\/2976"}],"wp:featuredmedia":[{"embeddable":true,"href":"https:\/\/www.parroquiavirgendelcortijo.es\/index.php?rest_route=\/wp\/v2\/media\/2975"}],"wp:attachment":[{"href":"https:\/\/www.parroquiavirgendelcortijo.es\/index.php?rest_route=%2Fwp%2Fv2%2Fmedia&parent=2974"}],"wp:term":[{"taxonomy":"category","embeddable":true,"href":"https:\/\/www.parroquiavirgendelcortijo.es\/index.php?rest_route=%2Fwp%2Fv2%2Fcategories&post=2974"},{"taxonomy":"post_tag","embeddable":true,"href":"https:\/\/www.parroquiavirgendelcortijo.es\/index.php?rest_route=%2Fwp%2Fv2%2Ftags&post=2974"}],"curies":[{"name":"wp","href":"https:\/\/api.w.org\/{rel}","templated":true}]}}