{"id":2961,"date":"2022-03-28T23:36:51","date_gmt":"2022-03-28T21:36:51","guid":{"rendered":"https:\/\/www.parroquiavirgendelcortijo.es\/?p=2961"},"modified":"2022-04-24T08:36:25","modified_gmt":"2022-04-24T06:36:25","slug":"semana-santa-2022","status":"publish","type":"post","link":"https:\/\/www.parroquiavirgendelcortijo.es\/?p=2961","title":{"rendered":"Semana Santa 2022"},"content":{"rendered":"<p>\u00c9stas son las actividades programadas en la parroquia para la Semana Santa:<\/p>\n<h3>Jueves, 7 de abril<\/h3>\n<ul>\n<li><strong>20:00<\/strong>. Celebraci\u00f3n penitencial. Celebraci\u00f3n de la Palabra y del Sacramento de la Reconciliaci\u00f3n, con tiempo para confesiones individuales.<\/li>\n<\/ul>\n<h3>Domingo, 10 de abril: Domingo de Ramos<\/h3>\n<ul>\n<li><strong>10:00<\/strong>. Misa.<\/li>\n<li><strong>11:30<\/strong>. Procesi\u00f3n desde la capilla del Hospital Universitario HM Sanchinarro.<\/li>\n<li><strong>12:00<\/strong>. Misa.<\/li>\n<li><strong>20:00<\/strong>. Misa.<\/li>\n<\/ul>\n<p><span style=\"font-size: 22px; font-weight: bold;\">Jueves, 14 de abril: Jueves Santo<\/span><\/p>\n<ul>\n<li><strong>11:00<\/strong>. Rezo de laudes.<\/li>\n<li><strong>18:30<\/strong>. Eucarist\u00eda de la \u00daltima Cena del Se\u00f1or.<\/li>\n<li><strong>22:30<\/strong>. Hora Santa.<\/li>\n<\/ul>\n<div class=\"page\" title=\"Page 4\">\n<div class=\"section\">\n<div class=\"layoutArea\">\n<div class=\"column\"><span style=\"font-size: 22px; font-weight: bold;\">Viernes, 15 de abril: Viernes Santo<\/span><\/div>\n<\/div>\n<\/div>\n<\/div>\n<ul>\n<li><strong>11:00<\/strong>. Rezo de laudes.<\/li>\n<li><strong>12:00<\/strong>. Santo\u00a0<em>Via Crucis<\/em>\u00a0alrededor del templo.<\/li>\n<li><strong>17:30<\/strong>. Oficios de la Pasi\u00f3n de Nuestro Se\u00f1or.<\/li>\n<\/ul>\n<h3>S\u00e1bado, 16 de abril: S\u00e1bado Santo<\/h3>\n<ul>\n<li><strong>11:00<\/strong>. Rezo de laudes.<\/li>\n<li><b>22:00<\/b>. Vigilia Pascual.<\/li>\n<\/ul>\n<h3>Domingo, 17 de abril: Domingo de Resurrecci\u00f3n<\/h3>\n<ul>\n<li>Misas a las\u00a0<strong>12:00<\/strong>,\u00a0<strong>13:00<\/strong>\u00a0y\u00a0<strong>20:00<\/strong>.<\/li>\n<\/ul>\n<p>&nbsp;<\/p>\n<p><span style=\"color: #999999;\">Imagen de <a href=\"https:\/\/flickr.com\/photos\/falk0ne\/25762309350\/\" target=\"_blank\" rel=\"noopener\">Valent\u00edn Clemente<\/a>, en <a href=\"https:\/\/flickr.com\/\" target=\"_blank\" rel=\"noopener\">Flickr<\/a>. Encuadre. Licencia <a href=\"https:\/\/creativecommons.org\/licenses\/by-sa\/2.0\/deed.es\" target=\"_blank\" rel=\"noopener\">CC BY-SA 2.0<\/a>.<\/span><\/p>\n","protected":false},"excerpt":{"rendered":"<p>\u00c9stas son las actividades programadas en la parroquia para la Semana Santa: Jueves, 7 de abril 20:00. Celebraci\u00f3n penitencial. Celebraci\u00f3n de la Palabra y del Sacramento de la Reconciliaci\u00f3n, con &hellip; <a href=\"https:\/\/www.parroquiavirgendelcortijo.es\/?p=2961\" class=\"more-link\">Seguir leyendo <span class=\"screen-reader-text\">Semana Santa 2022<\/span> <span class=\"meta-nav\">&rarr;<\/span><\/a><\/p>\n","protected":false},"author":1,"featured_media":2962,"comment_status":"closed","ping_status":"closed","sticky":false,"template":"","format":"standard","meta":{"footnotes":""},"categories":[22,9],"tags":[],"class_list":["post-2961","post","type-post","status-publish","format-standard","has-post-thumbnail","hentry","category-avisos","category-pastoral"],"jetpack_featured_media_url":"https:\/\/www.parroquiavirgendelcortijo.es\/wp-content\/uploads\/2022\/03\/gral-semanaSanta2022-dest.jpg","_links":{"self":[{"href":"https:\/\/www.parroquiavirgendelcortijo.es\/index.php?rest_route=\/wp\/v2\/posts\/2961","targetHints":{"allow":["GET"]}}],"collection":[{"href":"https:\/\/www.parroquiavirgendelcortijo.es\/index.php?rest_route=\/wp\/v2\/posts"}],"about":[{"href":"https:\/\/www.parroquiavirgendelcortijo.es\/index.php?rest_route=\/wp\/v2\/types\/post"}],"author":[{"embeddable":true,"href":"https:\/\/www.parroquiavirgendelcortijo.es\/index.php?rest_route=\/wp\/v2\/users\/1"}],"replies":[{"embeddable":true,"href":"https:\/\/www.parroquiavirgendelcortijo.es\/index.php?rest_route=%2Fwp%2Fv2%2Fcomments&post=2961"}],"version-history":[{"count":2,"href":"https:\/\/www.parroquiavirgendelcortijo.es\/index.php?rest_route=\/wp\/v2\/posts\/2961\/revisions"}],"predecessor-version":[{"id":2964,"href":"https:\/\/www.parroquiavirgendelcortijo.es\/index.php?rest_route=\/wp\/v2\/posts\/2961\/revisions\/2964"}],"wp:featuredmedia":[{"embeddable":true,"href":"https:\/\/www.parroquiavirgendelcortijo.es\/index.php?rest_route=\/wp\/v2\/media\/2962"}],"wp:attachment":[{"href":"https:\/\/www.parroquiavirgendelcortijo.es\/index.php?rest_route=%2Fwp%2Fv2%2Fmedia&parent=2961"}],"wp:term":[{"taxonomy":"category","embeddable":true,"href":"https:\/\/www.parroquiavirgendelcortijo.es\/index.php?rest_route=%2Fwp%2Fv2%2Fcategories&post=2961"},{"taxonomy":"post_tag","embeddable":true,"href":"https:\/\/www.parroquiavirgendelcortijo.es\/index.php?rest_route=%2Fwp%2Fv2%2Ftags&post=2961"}],"curies":[{"name":"wp","href":"https:\/\/api.w.org\/{rel}","templated":true}]}}