{"id":2809,"date":"2022-02-10T06:43:18","date_gmt":"2022-02-10T05:43:18","guid":{"rendered":"https:\/\/www.parroquiavirgendelcortijo.es\/?p=2809"},"modified":"2022-02-10T06:44:01","modified_gmt":"2022-02-10T05:44:01","slug":"campana-del-enfermo-2022","status":"publish","type":"post","link":"https:\/\/www.parroquiavirgendelcortijo.es\/?p=2809","title":{"rendered":"Campa\u00f1a del enfermo 2022"},"content":{"rendered":"<p>Como cada a\u00f1o, la Iglesia en Espa\u00f1a celebra la Campa\u00f1a del enfermo que arranca en la Jornada Mundial del Enfermo \u2013la trig\u00e9sima\u2013 el 11 de febrero, y continua hasta la Pascua del Enfermo, el VI Domingo de Pascua (22 de mayo).<\/p>\n<p>Estamos sufriendo desde hace m\u00e1s de dos a\u00f1os la pandemia, que est\u00e1 suponiendo un aut\u00e9ntico reto para cuidar a quienes padecen el virus y a quienes ven afectada su salud, f\u00edsica y ps\u00edquica. Por eso, este a\u00f1o la campa\u00f1a lleva por lema <em>Acompa\u00f1ar en el sufrimiento<\/em>, que es la clave del trabajo pastoral con los que viven la enfermedad y quienes los cuidan.<\/p>\n<p>Con motivo de esta jornada, el papa Francisco ha publicado un mensaje, que pod\u00e9is leer <a href=\"https:\/\/www.vatican.va\/content\/francesco\/es\/messages\/sick\/documents\/20211210_30-giornata-malato.html\" target=\"_blank\" rel=\"noopener\">aqu\u00ed<\/a>.<\/p>\n","protected":false},"excerpt":{"rendered":"<p>Como cada a\u00f1o, la Iglesia en Espa\u00f1a celebra la Campa\u00f1a del enfermo que arranca en la Jornada Mundial del Enfermo \u2013la trig\u00e9sima\u2013 el 11 de febrero, y continua hasta la &hellip; <a href=\"https:\/\/www.parroquiavirgendelcortijo.es\/?p=2809\" class=\"more-link\">Seguir leyendo <span class=\"screen-reader-text\">Campa\u00f1a del enfermo 2022<\/span> <span class=\"meta-nav\">&rarr;<\/span><\/a><\/p>\n","protected":false},"author":1,"featured_media":2810,"comment_status":"closed","ping_status":"closed","sticky":false,"template":"","format":"standard","meta":{"footnotes":""},"categories":[9,36],"tags":[],"class_list":["post-2809","post","type-post","status-publish","format-standard","has-post-thumbnail","hentry","category-pastoral","category-p-salud"],"jetpack_featured_media_url":"https:\/\/www.parroquiavirgendelcortijo.es\/wp-content\/uploads\/2022\/02\/pas-jornadaDelEnfermo2022-dest.jpg","_links":{"self":[{"href":"https:\/\/www.parroquiavirgendelcortijo.es\/index.php?rest_route=\/wp\/v2\/posts\/2809","targetHints":{"allow":["GET"]}}],"collection":[{"href":"https:\/\/www.parroquiavirgendelcortijo.es\/index.php?rest_route=\/wp\/v2\/posts"}],"about":[{"href":"https:\/\/www.parroquiavirgendelcortijo.es\/index.php?rest_route=\/wp\/v2\/types\/post"}],"author":[{"embeddable":true,"href":"https:\/\/www.parroquiavirgendelcortijo.es\/index.php?rest_route=\/wp\/v2\/users\/1"}],"replies":[{"embeddable":true,"href":"https:\/\/www.parroquiavirgendelcortijo.es\/index.php?rest_route=%2Fwp%2Fv2%2Fcomments&post=2809"}],"version-history":[{"count":1,"href":"https:\/\/www.parroquiavirgendelcortijo.es\/index.php?rest_route=\/wp\/v2\/posts\/2809\/revisions"}],"predecessor-version":[{"id":2811,"href":"https:\/\/www.parroquiavirgendelcortijo.es\/index.php?rest_route=\/wp\/v2\/posts\/2809\/revisions\/2811"}],"wp:featuredmedia":[{"embeddable":true,"href":"https:\/\/www.parroquiavirgendelcortijo.es\/index.php?rest_route=\/wp\/v2\/media\/2810"}],"wp:attachment":[{"href":"https:\/\/www.parroquiavirgendelcortijo.es\/index.php?rest_route=%2Fwp%2Fv2%2Fmedia&parent=2809"}],"wp:term":[{"taxonomy":"category","embeddable":true,"href":"https:\/\/www.parroquiavirgendelcortijo.es\/index.php?rest_route=%2Fwp%2Fv2%2Fcategories&post=2809"},{"taxonomy":"post_tag","embeddable":true,"href":"https:\/\/www.parroquiavirgendelcortijo.es\/index.php?rest_route=%2Fwp%2Fv2%2Ftags&post=2809"}],"curies":[{"name":"wp","href":"https:\/\/api.w.org\/{rel}","templated":true}]}}