{"id":2779,"date":"2022-01-23T18:15:53","date_gmt":"2022-01-23T17:15:53","guid":{"rendered":"https:\/\/www.parroquiavirgendelcortijo.es\/?p=2779"},"modified":"2022-02-06T10:11:02","modified_gmt":"2022-02-06T09:11:02","slug":"video-la-alegria-del-matrimonio","status":"publish","type":"post","link":"https:\/\/www.parroquiavirgendelcortijo.es\/?p=2779","title":{"rendered":"V\u00eddeo: La alegr\u00eda en el matrimonio"},"content":{"rendered":"<p>Si algunos no pudisteis asistir a la conferencia de Carlos Mor\u00e1n sobre la alegr\u00eda en el matrimonio \u2013o s\u00ed asististeis y quer\u00e9is recordarla\u2013 pod\u00e9is ver el v\u00eddeo aqu\u00ed, en dos partes:<\/p>\n<ul>\n<li><a href=\"https:\/\/youtu.be\/8_FEv3LQI0U\">La alegr\u00eda en el matrimonio (1\u00aa parte)<\/a><\/li>\n<li><a href=\"https:\/\/youtu.be\/iuxvvhLv3Sk\">La alegr\u00eda en el matrimonio (2\u00aa parte)<\/a><\/li>\n<\/ul>\n","protected":false},"excerpt":{"rendered":"<p>Si algunos no pudisteis asistir a la conferencia de Carlos Mor\u00e1n sobre la alegr\u00eda en el matrimonio \u2013o s\u00ed asististeis y quer\u00e9is recordarla\u2013 pod\u00e9is ver el v\u00eddeo aqu\u00ed, en dos &hellip; <a href=\"https:\/\/www.parroquiavirgendelcortijo.es\/?p=2779\" class=\"more-link\">Seguir leyendo <span class=\"screen-reader-text\">V\u00eddeo: La alegr\u00eda en el matrimonio<\/span> <span class=\"meta-nav\">&rarr;<\/span><\/a><\/p>\n","protected":false},"author":1,"featured_media":2782,"comment_status":"closed","ping_status":"closed","sticky":false,"template":"","format":"standard","meta":{"footnotes":""},"categories":[9,35],"tags":[32],"class_list":["post-2779","post","type-post","status-publish","format-standard","has-post-thumbnail","hentry","category-pastoral","category-p-familia","tag-videos"],"jetpack_featured_media_url":"https:\/\/www.parroquiavirgendelcortijo.es\/wp-content\/uploads\/2022\/01\/pas-alegriaDelMatrimonioVideo-dest.jpg","_links":{"self":[{"href":"https:\/\/www.parroquiavirgendelcortijo.es\/index.php?rest_route=\/wp\/v2\/posts\/2779","targetHints":{"allow":["GET"]}}],"collection":[{"href":"https:\/\/www.parroquiavirgendelcortijo.es\/index.php?rest_route=\/wp\/v2\/posts"}],"about":[{"href":"https:\/\/www.parroquiavirgendelcortijo.es\/index.php?rest_route=\/wp\/v2\/types\/post"}],"author":[{"embeddable":true,"href":"https:\/\/www.parroquiavirgendelcortijo.es\/index.php?rest_route=\/wp\/v2\/users\/1"}],"replies":[{"embeddable":true,"href":"https:\/\/www.parroquiavirgendelcortijo.es\/index.php?rest_route=%2Fwp%2Fv2%2Fcomments&post=2779"}],"version-history":[{"count":3,"href":"https:\/\/www.parroquiavirgendelcortijo.es\/index.php?rest_route=\/wp\/v2\/posts\/2779\/revisions"}],"predecessor-version":[{"id":2785,"href":"https:\/\/www.parroquiavirgendelcortijo.es\/index.php?rest_route=\/wp\/v2\/posts\/2779\/revisions\/2785"}],"wp:featuredmedia":[{"embeddable":true,"href":"https:\/\/www.parroquiavirgendelcortijo.es\/index.php?rest_route=\/wp\/v2\/media\/2782"}],"wp:attachment":[{"href":"https:\/\/www.parroquiavirgendelcortijo.es\/index.php?rest_route=%2Fwp%2Fv2%2Fmedia&parent=2779"}],"wp:term":[{"taxonomy":"category","embeddable":true,"href":"https:\/\/www.parroquiavirgendelcortijo.es\/index.php?rest_route=%2Fwp%2Fv2%2Fcategories&post=2779"},{"taxonomy":"post_tag","embeddable":true,"href":"https:\/\/www.parroquiavirgendelcortijo.es\/index.php?rest_route=%2Fwp%2Fv2%2Ftags&post=2779"}],"curies":[{"name":"wp","href":"https:\/\/api.w.org\/{rel}","templated":true}]}}