{"id":2737,"date":"2021-12-18T11:01:53","date_gmt":"2021-12-18T10:01:53","guid":{"rendered":"https:\/\/www.parroquiavirgendelcortijo.es\/?p=2737"},"modified":"2021-12-18T11:01:53","modified_gmt":"2021-12-18T10:01:53","slug":"madrid-live-talent","status":"publish","type":"post","link":"https:\/\/www.parroquiavirgendelcortijo.es\/?p=2737","title":{"rendered":"Madrid Live Talent"},"content":{"rendered":"<p>El arzobispado de Madrid y los obispados de Alcal\u00e1 de Henares y Getafe organizan un concurso musical para j\u00f3venes cat\u00f3licos entre 16 y 35 a\u00f1os que residen, estudian y\/o trabajan en la Comunidad de Madrid.<\/p>\n<p>Tanto si cantas solo como si formas parte de un grupo, si compones tus propias canciones con valores cristianos o interpretas las de otros artistas, si te gustar\u00eda dedicarte a la m\u00fasica profesionalmente o si es tu hobby favorito&#8230; \u00a1tu concurso es Madrid Live Talent!<\/p>\n<p>Toda la informaci\u00f3n sobre el concurso, disponible en <a href=\"https:\/\/madridlivetalent.es\" target=\"_blank\" rel=\"noopener\">https:\/\/madridlivetalent.es<\/a>.<\/p>\n<p>&nbsp;<\/p>\n<p><span style=\"color: #999999;\">Imagen de <a href=\"https:\/\/unsplash.com\/photos\/iB_h6EFRiKY\" target=\"_blank\" rel=\"noopener\">Oleg Ivanov<\/a> en <a href=\"https:\/\/unsplash.com\" target=\"_blank\" rel=\"noopener\">Unsplash<\/a>. Encuadre + logo.<\/span><\/p>\n","protected":false},"excerpt":{"rendered":"<p>El arzobispado de Madrid y los obispados de Alcal\u00e1 de Henares y Getafe organizan un concurso musical para j\u00f3venes cat\u00f3licos entre 16 y 35 a\u00f1os que residen, estudian y\/o trabajan &hellip; <a href=\"https:\/\/www.parroquiavirgendelcortijo.es\/?p=2737\" class=\"more-link\">Seguir leyendo <span class=\"screen-reader-text\">Madrid Live Talent<\/span> <span class=\"meta-nav\">&rarr;<\/span><\/a><\/p>\n","protected":false},"author":1,"featured_media":2738,"comment_status":"closed","ping_status":"closed","sticky":false,"template":"","format":"standard","meta":{"footnotes":""},"categories":[38],"tags":[],"class_list":["post-2737","post","type-post","status-publish","format-standard","has-post-thumbnail","hentry","category-juventud"],"jetpack_featured_media_url":"https:\/\/www.parroquiavirgendelcortijo.es\/wp-content\/uploads\/2021\/12\/juv-madridLiveTalent-dest.jpg","_links":{"self":[{"href":"https:\/\/www.parroquiavirgendelcortijo.es\/index.php?rest_route=\/wp\/v2\/posts\/2737","targetHints":{"allow":["GET"]}}],"collection":[{"href":"https:\/\/www.parroquiavirgendelcortijo.es\/index.php?rest_route=\/wp\/v2\/posts"}],"about":[{"href":"https:\/\/www.parroquiavirgendelcortijo.es\/index.php?rest_route=\/wp\/v2\/types\/post"}],"author":[{"embeddable":true,"href":"https:\/\/www.parroquiavirgendelcortijo.es\/index.php?rest_route=\/wp\/v2\/users\/1"}],"replies":[{"embeddable":true,"href":"https:\/\/www.parroquiavirgendelcortijo.es\/index.php?rest_route=%2Fwp%2Fv2%2Fcomments&post=2737"}],"version-history":[{"count":1,"href":"https:\/\/www.parroquiavirgendelcortijo.es\/index.php?rest_route=\/wp\/v2\/posts\/2737\/revisions"}],"predecessor-version":[{"id":2739,"href":"https:\/\/www.parroquiavirgendelcortijo.es\/index.php?rest_route=\/wp\/v2\/posts\/2737\/revisions\/2739"}],"wp:featuredmedia":[{"embeddable":true,"href":"https:\/\/www.parroquiavirgendelcortijo.es\/index.php?rest_route=\/wp\/v2\/media\/2738"}],"wp:attachment":[{"href":"https:\/\/www.parroquiavirgendelcortijo.es\/index.php?rest_route=%2Fwp%2Fv2%2Fmedia&parent=2737"}],"wp:term":[{"taxonomy":"category","embeddable":true,"href":"https:\/\/www.parroquiavirgendelcortijo.es\/index.php?rest_route=%2Fwp%2Fv2%2Fcategories&post=2737"},{"taxonomy":"post_tag","embeddable":true,"href":"https:\/\/www.parroquiavirgendelcortijo.es\/index.php?rest_route=%2Fwp%2Fv2%2Ftags&post=2737"}],"curies":[{"name":"wp","href":"https:\/\/api.w.org\/{rel}","templated":true}]}}