{"id":2662,"date":"2021-10-30T17:13:17","date_gmt":"2021-10-30T15:13:17","guid":{"rendered":"https:\/\/www.parroquiavirgendelcortijo.es\/?p=2662"},"modified":"2021-11-10T21:57:32","modified_gmt":"2021-11-10T20:57:32","slug":"celebracion-de-la-almudena","status":"publish","type":"post","link":"https:\/\/www.parroquiavirgendelcortijo.es\/?p=2662","title":{"rendered":"Celebraci\u00f3n de la Almudena"},"content":{"rendered":"<p>Este a\u00f1o podemos volver a celebrar la Festividad de Santa Mar\u00eda la Real de la Almudena, Patrona de Madrid, el pr\u00f3ximo d\u00eda 9 de Noviembre.<\/p>\n<p>La ofrenda floral Solidaria a la Virgen los d\u00edas 8 y 9 durante toda la jornada. Quien quiera puede ir a llevar flores \u00a0parroquia y tambi\u00e9n alimentos no perecederos para los m\u00e1s necesitados.<\/p>\n<p>El d\u00eda 9, a las 11:00 de la ma\u00f1ana, se celebrar\u00e1 la Eucarist\u00eda en la Plaza de la Almudena, presidida por nuestro Cardenal Arzobispo. Posteriormente, acompa\u00f1aremos en procesi\u00f3n la Imagen de Nuestra Madre y Patrona desde la Plaza de la Almudena, por la Plaza de Oriente, volviendo a la Catedral.<\/p>\n<p>En <a href=\"https:\/\/www.archimadrid.org\/images\/Jornadas_Cursos_Eventos\/2021\/10\/diptico_almudena_2021_digital.pdf\" target=\"_blank\" rel=\"noopener\">este d\u00edptico<\/a>, ten\u00e9is informaci\u00f3n de todos los actos que se van a celebrar.<\/p>\n","protected":false},"excerpt":{"rendered":"<p>Este a\u00f1o podemos volver a celebrar la Festividad de Santa Mar\u00eda la Real de la Almudena, Patrona de Madrid, el pr\u00f3ximo d\u00eda 9 de Noviembre. La ofrenda floral Solidaria a &hellip; <a href=\"https:\/\/www.parroquiavirgendelcortijo.es\/?p=2662\" class=\"more-link\">Seguir leyendo <span class=\"screen-reader-text\">Celebraci\u00f3n de la Almudena<\/span> <span class=\"meta-nav\">&rarr;<\/span><\/a><\/p>\n","protected":false},"author":1,"featured_media":2663,"comment_status":"closed","ping_status":"closed","sticky":false,"template":"","format":"standard","meta":{"footnotes":""},"categories":[8,26],"tags":[],"class_list":["post-2662","post","type-post","status-publish","format-standard","has-post-thumbnail","hentry","category-actividades","category-externas"],"jetpack_featured_media_url":"https:\/\/www.parroquiavirgendelcortijo.es\/wp-content\/uploads\/2021\/10\/act-almudena2021-dest.jpg.jpg","_links":{"self":[{"href":"https:\/\/www.parroquiavirgendelcortijo.es\/index.php?rest_route=\/wp\/v2\/posts\/2662","targetHints":{"allow":["GET"]}}],"collection":[{"href":"https:\/\/www.parroquiavirgendelcortijo.es\/index.php?rest_route=\/wp\/v2\/posts"}],"about":[{"href":"https:\/\/www.parroquiavirgendelcortijo.es\/index.php?rest_route=\/wp\/v2\/types\/post"}],"author":[{"embeddable":true,"href":"https:\/\/www.parroquiavirgendelcortijo.es\/index.php?rest_route=\/wp\/v2\/users\/1"}],"replies":[{"embeddable":true,"href":"https:\/\/www.parroquiavirgendelcortijo.es\/index.php?rest_route=%2Fwp%2Fv2%2Fcomments&post=2662"}],"version-history":[{"count":1,"href":"https:\/\/www.parroquiavirgendelcortijo.es\/index.php?rest_route=\/wp\/v2\/posts\/2662\/revisions"}],"predecessor-version":[{"id":2664,"href":"https:\/\/www.parroquiavirgendelcortijo.es\/index.php?rest_route=\/wp\/v2\/posts\/2662\/revisions\/2664"}],"wp:featuredmedia":[{"embeddable":true,"href":"https:\/\/www.parroquiavirgendelcortijo.es\/index.php?rest_route=\/wp\/v2\/media\/2663"}],"wp:attachment":[{"href":"https:\/\/www.parroquiavirgendelcortijo.es\/index.php?rest_route=%2Fwp%2Fv2%2Fmedia&parent=2662"}],"wp:term":[{"taxonomy":"category","embeddable":true,"href":"https:\/\/www.parroquiavirgendelcortijo.es\/index.php?rest_route=%2Fwp%2Fv2%2Fcategories&post=2662"},{"taxonomy":"post_tag","embeddable":true,"href":"https:\/\/www.parroquiavirgendelcortijo.es\/index.php?rest_route=%2Fwp%2Fv2%2Ftags&post=2662"}],"curies":[{"name":"wp","href":"https:\/\/api.w.org\/{rel}","templated":true}]}}