{"id":266,"date":"2015-06-15T23:38:18","date_gmt":"2015-06-15T21:38:18","guid":{"rendered":"http:\/\/www.parroquiavirgendelcortijo.es\/?p=266"},"modified":"2015-12-13T23:35:56","modified_gmt":"2015-12-13T22:35:56","slug":"carta-de-los-obispos-de-la-provincia-eclesiastica-de-madrid","status":"publish","type":"post","link":"https:\/\/www.parroquiavirgendelcortijo.es\/?p=266","title":{"rendered":"Carta de los Obispos de la Provincia Eclesi\u00e1stica de Madrid"},"content":{"rendered":"<h1>La clase de Religi\u00f3n: un bien para todos<\/h1>\n<p>Los Obispos de la Provincia Eclesi\u00e1stica de Madrid nos dirigimos a vosotros, padres y madres que particip\u00e1is este domingo en la Eucarist\u00eda, para recordaros la importancia que tiene el solicitar para vuestros hijos en edad escolar la asignatura de Religi\u00f3n y Moral cat\u00f3lica. As\u00ed adquieren en la escuela una formaci\u00f3n acad\u00e9mica complementaria a la educaci\u00f3n en la fe en Jesucristo, que reciben en la familia y en la Iglesia. Agradecemos la elecci\u00f3n de esta asignatura por otras personas que estiman las aportaciones que se hacen desde esta \u00e1rea de Religi\u00f3n a la educaci\u00f3n integral de los alumnos, a su formaci\u00f3n moral y a la comprensi\u00f3n de nuestra cultura. La convivencia entre los hombres s\u00f3lo se realiza si se basa en la verdad y en una correcta comprensi\u00f3n de la persona humana. A este fin contribuye la religi\u00f3n cat\u00f3lica al proponer un modelo antropol\u00f3gico compatible con la naturaleza y la dignidad del ser humano. Las fiestas religiosas y patronales, las catedrales, el camino de Santiago, el arte y la literatura de nuestro pa\u00eds\u2026 tantas y tantas expresiones culturales, art\u00edsticas y sociales, presentes en nuestra vida cotidiana, no pueden ser entendidas y valoradas adecuadamente sin tener en cuenta sus ra\u00edces cristianas.<\/p>\n<p>Queremos informaros de que el lunes 15 de junio comienza, en nuestra Comunidad de Madrid, el plazo de matriculaci\u00f3n en los niveles de Infantil y Primaria, plazo que durar\u00e1 hasta el 26 de junio. M\u00e1s adelante, desde el 1 al 15 de julio, ser\u00e1 la matriculaci\u00f3n en los niveles de Secundaria y Bachillerato.<\/p>\n<p>Esta asignatura, de oferta obligatoria en todos los centros educativos que imparten las citadas etapas en nuestra Comunidad, requiere que los padres o tutores la pid\u00e1is expresamente para vuestros hijos en el momento de la matriculaci\u00f3n. Es importante para vuestras familias, para el presente y el futuro de la Iglesia que peregrina en nuestras di\u00f3cesis, as\u00ed como para la comunidad madrile\u00f1a a la que pertenecemos, que elij\u00e1is la asignatura de Religi\u00f3n para vuestros hijos, reclam\u00e1ndola por todos los medios legales. Es vuestro derecho.<\/p>\n<p>Os animamos, por tanto, a solicitar la clase de Religi\u00f3n y Moral cat\u00f3lica para vuestros hijos, y alentar a otros padres a hacerlo. Si ten\u00e9is dudas sobre esta cuesti\u00f3n o quer\u00e9is dialogar sobre las aportaciones educativas de esta asignatura, sabed que en cada di\u00f3cesis est\u00e1 a vuestra disposici\u00f3n la Delegaci\u00f3n de Ense\u00f1anza. Os recordamos tambi\u00e9n que la participaci\u00f3n en la catequesis parroquial nunca ha de ser excusa para dejar de solicitar la asignatura de Religi\u00f3n en la escuela.<\/p>\n<p>Agradecemos vuestra atenci\u00f3n y os bendecimos con grande y sincero afecto en el Se\u00f1or.<\/p>\n<p style=\"text-align: right;\">\n+ CARLOS OSORO SIERRA, arzobispo de Madrid<br \/>\n+JUAN ANTONIO REIG PLA, obispo de Alcal\u00e1 de Henares<br \/>\n+JOAQU\u00cdN L\u00d3PEZ DE AND\u00daJAR Y C\u00c1NOVAS DEL CASTILLO, obispo de Getafe<br \/>\n+FIDEL HERR\u00c1EZ VEGAS, obispo auxiliar de Madrid<br \/>\n+JUAN ANTONIO MART\u00cdNEZ CAMINO, obispo auxiliar de Madrid<br \/>\n+JOS\u00c9 RICO PAV\u00c9S, obispo auxiliar de Getafe<\/p>\n<p style=\"text-align: left;\">\n<p style=\"text-align: left;\"><span style=\"color: #999999;\"><a href=\"http:\/\/www.laregion.es\/articulo\/sociedad\/papa-francisco-designa-carlos-osoro-nuevo-arzobispo-madrid\/20140828164709489746.html\">Imagen<\/a> de La Regi\u00f3n S.A. Encuadre.<\/span><\/p>\n","protected":false},"excerpt":{"rendered":"<p>La clase de Religi\u00f3n: un bien para todos Los Obispos de la Provincia Eclesi\u00e1stica de Madrid nos dirigimos a vosotros, padres y madres que particip\u00e1is este domingo en la Eucarist\u00eda, &hellip; <a href=\"https:\/\/www.parroquiavirgendelcortijo.es\/?p=266\" class=\"more-link\">Seguir leyendo <span class=\"screen-reader-text\">Carta de los Obispos de la Provincia Eclesi\u00e1stica de Madrid<\/span> <span class=\"meta-nav\">&rarr;<\/span><\/a><\/p>\n","protected":false},"author":1,"featured_media":267,"comment_status":"closed","ping_status":"closed","sticky":false,"template":"","format":"standard","meta":{"footnotes":""},"categories":[9],"tags":[],"class_list":["post-266","post","type-post","status-publish","format-standard","has-post-thumbnail","hentry","category-pastoral"],"jetpack_featured_media_url":"https:\/\/www.parroquiavirgendelcortijo.es\/wp-content\/uploads\/2015\/06\/gral-carlosOsoro-dest.jpg","_links":{"self":[{"href":"https:\/\/www.parroquiavirgendelcortijo.es\/index.php?rest_route=\/wp\/v2\/posts\/266","targetHints":{"allow":["GET"]}}],"collection":[{"href":"https:\/\/www.parroquiavirgendelcortijo.es\/index.php?rest_route=\/wp\/v2\/posts"}],"about":[{"href":"https:\/\/www.parroquiavirgendelcortijo.es\/index.php?rest_route=\/wp\/v2\/types\/post"}],"author":[{"embeddable":true,"href":"https:\/\/www.parroquiavirgendelcortijo.es\/index.php?rest_route=\/wp\/v2\/users\/1"}],"replies":[{"embeddable":true,"href":"https:\/\/www.parroquiavirgendelcortijo.es\/index.php?rest_route=%2Fwp%2Fv2%2Fcomments&post=266"}],"version-history":[{"count":3,"href":"https:\/\/www.parroquiavirgendelcortijo.es\/index.php?rest_route=\/wp\/v2\/posts\/266\/revisions"}],"predecessor-version":[{"id":270,"href":"https:\/\/www.parroquiavirgendelcortijo.es\/index.php?rest_route=\/wp\/v2\/posts\/266\/revisions\/270"}],"wp:featuredmedia":[{"embeddable":true,"href":"https:\/\/www.parroquiavirgendelcortijo.es\/index.php?rest_route=\/wp\/v2\/media\/267"}],"wp:attachment":[{"href":"https:\/\/www.parroquiavirgendelcortijo.es\/index.php?rest_route=%2Fwp%2Fv2%2Fmedia&parent=266"}],"wp:term":[{"taxonomy":"category","embeddable":true,"href":"https:\/\/www.parroquiavirgendelcortijo.es\/index.php?rest_route=%2Fwp%2Fv2%2Fcategories&post=266"},{"taxonomy":"post_tag","embeddable":true,"href":"https:\/\/www.parroquiavirgendelcortijo.es\/index.php?rest_route=%2Fwp%2Fv2%2Ftags&post=266"}],"curies":[{"name":"wp","href":"https:\/\/api.w.org\/{rel}","templated":true}]}}