{"id":2529,"date":"2021-09-14T23:29:54","date_gmt":"2021-09-14T21:29:54","guid":{"rendered":"https:\/\/www.parroquiavirgendelcortijo.es\/?p=2529"},"modified":"2021-10-09T08:53:20","modified_gmt":"2021-10-09T06:53:20","slug":"oratorio-para-ninos-2021","status":"publish","type":"post","link":"https:\/\/www.parroquiavirgendelcortijo.es\/?p=2529","title":{"rendered":"Oratorio para ni\u00f1os 2021"},"content":{"rendered":"<p>El <strong>domingo, 3 de octubre<\/strong>, en la misa de 12:00, arranca el oratorio (catequesis) para ni\u00f1os de este curso 2021-22.<\/p>\n<p>Los padres pod\u00e9is inscribir a vuestros hijos entre los d\u00edas <strong>10 y el 26 de septiembre<\/strong>, sin m\u00e1s que rellenar <a href=\"http:\/\/www.parroquiavirgendelcortijo.es\/wp-content\/uploads\/2021\/09\/formularioInscripcionOratorio2021.pdf\">este formulario<\/a> y entregarlo en la parroquia o enviarlo por correo electr\u00f3nico u ordinario.<\/p>\n<p>El oratorio propiamente dicho comenzar\u00e1\u00a0<strong>la semana del lunes, 4 de octubre<\/strong>, con los siguientes horarios:<\/p>\n<p><code>\n<table id=\"tablepress-14\" class=\"tablepress tablepress-id-14\">\n<thead>\n<tr class=\"row-1\">\n\t<th class=\"column-1\">Curso<\/th><th class=\"column-2\">D\u00eda<\/th><th class=\"column-3\">Hora<\/th>\n<\/tr>\n<\/thead>\n<tbody class=\"row-striping row-hover\">\n<tr class=\"row-2\">\n\t<td class=\"column-1\">1\u00ba Comuni\u00f3n<\/td><td class=\"column-2\">Lunes<\/td><td class=\"column-3\">17:30<\/td>\n<\/tr>\n<tr class=\"row-3\">\n\t<td class=\"column-1\">2\u00ba Comuni\u00f3n<\/td><td class=\"column-2\">Lunes<\/td><td class=\"column-3\">17:30<\/td>\n<\/tr>\n<tr class=\"row-4\">\n\t<td class=\"column-1\">3\u00ba Comuni\u00f3n<\/td><td class=\"column-2\">Martes<\/td><td class=\"column-3\">18:00<\/td>\n<\/tr>\n<tr class=\"row-5\">\n\t<td class=\"column-1\">1\u00ba Confirmaci\u00f3n<\/td><td class=\"column-2\">Jueves<\/td><td class=\"column-3\">18:00<\/td>\n<\/tr>\n<tr class=\"row-6\">\n\t<td class=\"column-1\">2\u00ba Confirmaci\u00f3n<\/td><td class=\"column-2\">Jueves<\/td><td class=\"column-3\">18:00<\/td>\n<\/tr>\n<\/tbody>\n<\/table>\n<!-- #tablepress-14 from cache --><\/code><\/p>\n<p>El <strong>mi\u00e9rcoles, 6 de octubre, a las 18:00<\/strong>, os convocamos a los padres de ni\u00f1os en todos los cursos para una primera toma de contacto y para trasladaros toda la informaci\u00f3n relevante.<\/p>\n<div>\n<div>Este a\u00f1o, enviaremos los comunicados generales relacionados con el oratorio desde la direcci\u00f3n de correo <a href=\"mailto:oratorioninospvcortijo@gmail.com\">oratorioninospvcortijo@gmail.com<\/a>. Por el m\u00f3vil, recibir\u00e9is de los catequistas de vuestros hijos\/as informaci\u00f3n s\u00f3lo referente a sus cursos.<\/div>\n<\/div>\n","protected":false},"excerpt":{"rendered":"<p>El domingo, 3 de octubre, en la misa de 12:00, arranca el oratorio (catequesis) para ni\u00f1os de este curso 2021-22. Los padres pod\u00e9is inscribir a vuestros hijos entre los d\u00edas &hellip; <a href=\"https:\/\/www.parroquiavirgendelcortijo.es\/?p=2529\" class=\"more-link\">Seguir leyendo <span class=\"screen-reader-text\">Oratorio para ni\u00f1os 2021<\/span> <span class=\"meta-nav\">&rarr;<\/span><\/a><\/p>\n","protected":false},"author":1,"featured_media":2564,"comment_status":"closed","ping_status":"closed","sticky":false,"template":"","format":"standard","meta":{"footnotes":""},"categories":[6,34],"tags":[],"class_list":["post-2529","post","type-post","status-publish","format-standard","has-post-thumbnail","hentry","category-catequesis","category-c-oratorio"],"jetpack_featured_media_url":"https:\/\/www.parroquiavirgendelcortijo.es\/wp-content\/uploads\/2021\/10\/cat-oratorio2021-actualizado2-dest.jpg","_links":{"self":[{"href":"https:\/\/www.parroquiavirgendelcortijo.es\/index.php?rest_route=\/wp\/v2\/posts\/2529","targetHints":{"allow":["GET"]}}],"collection":[{"href":"https:\/\/www.parroquiavirgendelcortijo.es\/index.php?rest_route=\/wp\/v2\/posts"}],"about":[{"href":"https:\/\/www.parroquiavirgendelcortijo.es\/index.php?rest_route=\/wp\/v2\/types\/post"}],"author":[{"embeddable":true,"href":"https:\/\/www.parroquiavirgendelcortijo.es\/index.php?rest_route=\/wp\/v2\/users\/1"}],"replies":[{"embeddable":true,"href":"https:\/\/www.parroquiavirgendelcortijo.es\/index.php?rest_route=%2Fwp%2Fv2%2Fcomments&post=2529"}],"version-history":[{"count":10,"href":"https:\/\/www.parroquiavirgendelcortijo.es\/index.php?rest_route=\/wp\/v2\/posts\/2529\/revisions"}],"predecessor-version":[{"id":2559,"href":"https:\/\/www.parroquiavirgendelcortijo.es\/index.php?rest_route=\/wp\/v2\/posts\/2529\/revisions\/2559"}],"wp:featuredmedia":[{"embeddable":true,"href":"https:\/\/www.parroquiavirgendelcortijo.es\/index.php?rest_route=\/wp\/v2\/media\/2564"}],"wp:attachment":[{"href":"https:\/\/www.parroquiavirgendelcortijo.es\/index.php?rest_route=%2Fwp%2Fv2%2Fmedia&parent=2529"}],"wp:term":[{"taxonomy":"category","embeddable":true,"href":"https:\/\/www.parroquiavirgendelcortijo.es\/index.php?rest_route=%2Fwp%2Fv2%2Fcategories&post=2529"},{"taxonomy":"post_tag","embeddable":true,"href":"https:\/\/www.parroquiavirgendelcortijo.es\/index.php?rest_route=%2Fwp%2Fv2%2Ftags&post=2529"}],"curies":[{"name":"wp","href":"https:\/\/api.w.org\/{rel}","templated":true}]}}