{"id":2460,"date":"2021-04-22T07:43:29","date_gmt":"2021-04-22T05:43:29","guid":{"rendered":"http:\/\/www.parroquiavirgendelcortijo.es\/?p=2460"},"modified":"2021-07-09T10:07:01","modified_gmt":"2021-07-09T08:07:01","slug":"renta-2021-marca-las-x","status":"publish","type":"post","link":"https:\/\/www.parroquiavirgendelcortijo.es\/?p=2460","title":{"rendered":"Renta 2021: \u00a1Marca las X!"},"content":{"rendered":"<p>Ya est\u00e1 en marcha la campa\u00f1a de la renta de 2021.<\/p>\n<p>Os animamos a que marqu\u00e9is tanto la casilla de la <em>Iglesia<\/em> como la casilla de <em>Otros Fines de Inter\u00e9s Social<\/em>\u00a0en vuestra declaraci\u00f3n. No os costar\u00e1 nada (el resultado de la declaraci\u00f3n es el mismo marquemos las casillas o no) y, as\u00ed, estar\u00e9is ayudando a la inmensa labor de la Iglesia cat\u00f3lica en Espa\u00f1a, que contribuye a crear una sociedad mejor.<\/p>\n<p>Para m\u00e1s informaci\u00f3n, pod\u00e9is visitar la web <a href=\"https:\/\/www.portantos.es\" target=\"_blank\" rel=\"noopener\">portantos.es<\/a>.<\/p>\n","protected":false},"excerpt":{"rendered":"<p>Ya est\u00e1 en marcha la campa\u00f1a de la renta de 2021. Os animamos a que marqu\u00e9is tanto la casilla de la Iglesia como la casilla de Otros Fines de Inter\u00e9s &hellip; <a href=\"https:\/\/www.parroquiavirgendelcortijo.es\/?p=2460\" class=\"more-link\">Seguir leyendo <span class=\"screen-reader-text\">Renta 2021: \u00a1Marca las X!<\/span> <span class=\"meta-nav\">&rarr;<\/span><\/a><\/p>\n","protected":false},"author":1,"featured_media":2461,"comment_status":"closed","ping_status":"closed","sticky":false,"template":"","format":"standard","meta":{"footnotes":""},"categories":[24],"tags":[],"class_list":["post-2460","post","type-post","status-publish","format-standard","has-post-thumbnail","hentry","category-otros"],"jetpack_featured_media_url":"https:\/\/www.parroquiavirgendelcortijo.es\/wp-content\/uploads\/2021\/04\/gral-porTantos2021-dest.gif","_links":{"self":[{"href":"https:\/\/www.parroquiavirgendelcortijo.es\/index.php?rest_route=\/wp\/v2\/posts\/2460","targetHints":{"allow":["GET"]}}],"collection":[{"href":"https:\/\/www.parroquiavirgendelcortijo.es\/index.php?rest_route=\/wp\/v2\/posts"}],"about":[{"href":"https:\/\/www.parroquiavirgendelcortijo.es\/index.php?rest_route=\/wp\/v2\/types\/post"}],"author":[{"embeddable":true,"href":"https:\/\/www.parroquiavirgendelcortijo.es\/index.php?rest_route=\/wp\/v2\/users\/1"}],"replies":[{"embeddable":true,"href":"https:\/\/www.parroquiavirgendelcortijo.es\/index.php?rest_route=%2Fwp%2Fv2%2Fcomments&post=2460"}],"version-history":[{"count":2,"href":"https:\/\/www.parroquiavirgendelcortijo.es\/index.php?rest_route=\/wp\/v2\/posts\/2460\/revisions"}],"predecessor-version":[{"id":2463,"href":"https:\/\/www.parroquiavirgendelcortijo.es\/index.php?rest_route=\/wp\/v2\/posts\/2460\/revisions\/2463"}],"wp:featuredmedia":[{"embeddable":true,"href":"https:\/\/www.parroquiavirgendelcortijo.es\/index.php?rest_route=\/wp\/v2\/media\/2461"}],"wp:attachment":[{"href":"https:\/\/www.parroquiavirgendelcortijo.es\/index.php?rest_route=%2Fwp%2Fv2%2Fmedia&parent=2460"}],"wp:term":[{"taxonomy":"category","embeddable":true,"href":"https:\/\/www.parroquiavirgendelcortijo.es\/index.php?rest_route=%2Fwp%2Fv2%2Fcategories&post=2460"},{"taxonomy":"post_tag","embeddable":true,"href":"https:\/\/www.parroquiavirgendelcortijo.es\/index.php?rest_route=%2Fwp%2Fv2%2Ftags&post=2460"}],"curies":[{"name":"wp","href":"https:\/\/api.w.org\/{rel}","templated":true}]}}