{"id":241,"date":"2015-05-08T21:41:16","date_gmt":"2015-05-08T19:41:16","guid":{"rendered":"http:\/\/www.parroquiavirgendelcortijo.es\/?p=241"},"modified":"2022-02-26T09:00:34","modified_gmt":"2022-02-26T08:00:34","slug":"primeras-comuniones-2015","status":"publish","type":"post","link":"https:\/\/www.parroquiavirgendelcortijo.es\/?p=241","title":{"rendered":"Primeras Comuniones 2015"},"content":{"rendered":"<p>Los s\u00e1bados 9 y 23 de mayo, a las 12 de la ma\u00f1ana, los chicos de catequesis de la parroquia recibir\u00e1n su\u00a0Primera Comuni\u00f3n.<\/p>\n<h2>S\u00e1bado, 9 de mayo<\/h2>\n<p>\u00c1ngela Herranz Guzm\u00e1n<br \/>\nNatalia Barbero Alonso<br \/>\nMarta D\u00edez Mu\u00f1oz<br \/>\nMirian Dom\u00ednguez Guti\u00e9rrez<br \/>\nPablo N\u00fa\u00f1ez G\u00f3mez<br \/>\nJennifer Saray Pardo Guill\u00e9n<br \/>\nAinara del Roc\u00edo Vellisca Alcocer<br \/>\nAndr\u00e9s Montalb\u00e1n Mu\u00f1oz<\/p>\n<h2>S\u00e1bado, 23 de mayo<\/h2>\n<p>Aaron Jes\u00fas Guti\u00e9rrez Zerpa<br \/>\nAlicia Romero Frutos<br \/>\nLuc\u00eda Romero Frutos<br \/>\nItziar del Villar Centeno<br \/>\nDiana Gordo Tolentino<br \/>\nJoyce \u00c1ngela Tagaca y Parayo<br \/>\nH\u00e9ctor Del Riobastante<br \/>\nSamuel Mart\u00edn Ta\u00f1ara Sieras<br \/>\n\u00c1lvaro Fern\u00e1ndez Cortabitarte<br \/>\n\u00c1ngela Santos Jim\u00e9nez<\/p>\n<p>&nbsp;<\/p>\n<p><span style=\"color: #999999;\">Imagen de <a href=\"https:\/\/flickr.com\/photos\/johnragai\/51038550542\/\" target=\"_blank\" rel=\"noopener\">John Ragai<\/a> (modificada) en <a href=\"https:\/\/flickr.com\" target=\"_blank\" rel=\"noopener\">Flickr<\/a>.\u00a0Licencia:\u00a0<a href=\"https:\/\/creativecommons.org\/licenses\/by\/2.0\/deed.es\" target=\"_blank\" rel=\"noopener\">CC BY 2.0<\/a>.<\/span><\/p>\n","protected":false},"excerpt":{"rendered":"<p>Los s\u00e1bados 9 y 23 de mayo, a las 12 de la ma\u00f1ana, los chicos de catequesis de la parroquia recibir\u00e1n su\u00a0Primera Comuni\u00f3n. S\u00e1bado, 9 de mayo \u00c1ngela Herranz Guzm\u00e1n &hellip; <a href=\"https:\/\/www.parroquiavirgendelcortijo.es\/?p=241\" class=\"more-link\">Seguir leyendo <span class=\"screen-reader-text\">Primeras Comuniones 2015<\/span> <span class=\"meta-nav\">&rarr;<\/span><\/a><\/p>\n","protected":false},"author":1,"featured_media":2929,"comment_status":"closed","ping_status":"closed","sticky":false,"template":"","format":"standard","meta":{"footnotes":""},"categories":[6,34],"tags":[],"class_list":["post-241","post","type-post","status-publish","format-standard","has-post-thumbnail","hentry","category-catequesis","category-c-oratorio"],"jetpack_featured_media_url":"https:\/\/www.parroquiavirgendelcortijo.es\/wp-content\/uploads\/2015\/05\/pas-primerasComuniones-dest.jpg","_links":{"self":[{"href":"https:\/\/www.parroquiavirgendelcortijo.es\/index.php?rest_route=\/wp\/v2\/posts\/241","targetHints":{"allow":["GET"]}}],"collection":[{"href":"https:\/\/www.parroquiavirgendelcortijo.es\/index.php?rest_route=\/wp\/v2\/posts"}],"about":[{"href":"https:\/\/www.parroquiavirgendelcortijo.es\/index.php?rest_route=\/wp\/v2\/types\/post"}],"author":[{"embeddable":true,"href":"https:\/\/www.parroquiavirgendelcortijo.es\/index.php?rest_route=\/wp\/v2\/users\/1"}],"replies":[{"embeddable":true,"href":"https:\/\/www.parroquiavirgendelcortijo.es\/index.php?rest_route=%2Fwp%2Fv2%2Fcomments&post=241"}],"version-history":[{"count":6,"href":"https:\/\/www.parroquiavirgendelcortijo.es\/index.php?rest_route=\/wp\/v2\/posts\/241\/revisions"}],"predecessor-version":[{"id":2930,"href":"https:\/\/www.parroquiavirgendelcortijo.es\/index.php?rest_route=\/wp\/v2\/posts\/241\/revisions\/2930"}],"wp:featuredmedia":[{"embeddable":true,"href":"https:\/\/www.parroquiavirgendelcortijo.es\/index.php?rest_route=\/wp\/v2\/media\/2929"}],"wp:attachment":[{"href":"https:\/\/www.parroquiavirgendelcortijo.es\/index.php?rest_route=%2Fwp%2Fv2%2Fmedia&parent=241"}],"wp:term":[{"taxonomy":"category","embeddable":true,"href":"https:\/\/www.parroquiavirgendelcortijo.es\/index.php?rest_route=%2Fwp%2Fv2%2Fcategories&post=241"},{"taxonomy":"post_tag","embeddable":true,"href":"https:\/\/www.parroquiavirgendelcortijo.es\/index.php?rest_route=%2Fwp%2Fv2%2Ftags&post=241"}],"curies":[{"name":"wp","href":"https:\/\/api.w.org\/{rel}","templated":true}]}}