{"id":2377,"date":"2021-01-09T15:11:37","date_gmt":"2021-01-09T14:11:37","guid":{"rendered":"http:\/\/www.parroquiavirgendelcortijo.es\/?p=2377"},"modified":"2021-01-14T23:08:03","modified_gmt":"2021-01-14T22:08:03","slug":"temporal-de-nieve","status":"publish","type":"post","link":"https:\/\/www.parroquiavirgendelcortijo.es\/?p=2377","title":{"rendered":"Temporal de nieve"},"content":{"rendered":"<p>Con motivo del temporal de nieve, se retrasa el inicio de la <a href=\"http:\/\/www.parroquiavirgendelcortijo.es\/?p=2365\">catequesis para j\u00f3venes y adultos<\/a> al <strong>lunes, 18 de enero<\/strong>, a las 20:00 (estaba previsto comenzar el d\u00eda 11).<\/p>\n<p>Las catequesis de comuni\u00f3n se retomar\u00e1n a partir del <strong>d\u00eda 13, mi\u00e9rcoles<\/strong>.<\/p>\n","protected":false},"excerpt":{"rendered":"<p>Con motivo del temporal de nieve, se retrasa el inicio de la catequesis para j\u00f3venes y adultos al lunes, 18 de enero, a las 20:00 (estaba previsto comenzar el d\u00eda &hellip; <a href=\"https:\/\/www.parroquiavirgendelcortijo.es\/?p=2377\" class=\"more-link\">Seguir leyendo <span class=\"screen-reader-text\">Temporal de nieve<\/span> <span class=\"meta-nav\">&rarr;<\/span><\/a><\/p>\n","protected":false},"author":1,"featured_media":2378,"comment_status":"closed","ping_status":"closed","sticky":false,"template":"","format":"standard","meta":{"footnotes":""},"categories":[22],"tags":[],"class_list":["post-2377","post","type-post","status-publish","format-standard","has-post-thumbnail","hentry","category-avisos"],"jetpack_featured_media_url":"https:\/\/www.parroquiavirgendelcortijo.es\/wp-content\/uploads\/2021\/01\/gral-temporalDeNieve2021-dest.jpg","_links":{"self":[{"href":"https:\/\/www.parroquiavirgendelcortijo.es\/index.php?rest_route=\/wp\/v2\/posts\/2377","targetHints":{"allow":["GET"]}}],"collection":[{"href":"https:\/\/www.parroquiavirgendelcortijo.es\/index.php?rest_route=\/wp\/v2\/posts"}],"about":[{"href":"https:\/\/www.parroquiavirgendelcortijo.es\/index.php?rest_route=\/wp\/v2\/types\/post"}],"author":[{"embeddable":true,"href":"https:\/\/www.parroquiavirgendelcortijo.es\/index.php?rest_route=\/wp\/v2\/users\/1"}],"replies":[{"embeddable":true,"href":"https:\/\/www.parroquiavirgendelcortijo.es\/index.php?rest_route=%2Fwp%2Fv2%2Fcomments&post=2377"}],"version-history":[{"count":2,"href":"https:\/\/www.parroquiavirgendelcortijo.es\/index.php?rest_route=\/wp\/v2\/posts\/2377\/revisions"}],"predecessor-version":[{"id":2380,"href":"https:\/\/www.parroquiavirgendelcortijo.es\/index.php?rest_route=\/wp\/v2\/posts\/2377\/revisions\/2380"}],"wp:featuredmedia":[{"embeddable":true,"href":"https:\/\/www.parroquiavirgendelcortijo.es\/index.php?rest_route=\/wp\/v2\/media\/2378"}],"wp:attachment":[{"href":"https:\/\/www.parroquiavirgendelcortijo.es\/index.php?rest_route=%2Fwp%2Fv2%2Fmedia&parent=2377"}],"wp:term":[{"taxonomy":"category","embeddable":true,"href":"https:\/\/www.parroquiavirgendelcortijo.es\/index.php?rest_route=%2Fwp%2Fv2%2Fcategories&post=2377"},{"taxonomy":"post_tag","embeddable":true,"href":"https:\/\/www.parroquiavirgendelcortijo.es\/index.php?rest_route=%2Fwp%2Fv2%2Ftags&post=2377"}],"curies":[{"name":"wp","href":"https:\/\/api.w.org\/{rel}","templated":true}]}}