{"id":2341,"date":"2020-12-16T00:05:01","date_gmt":"2020-12-15T23:05:01","guid":{"rendered":"http:\/\/www.parroquiavirgendelcortijo.es\/?p=2341"},"modified":"2020-12-22T19:46:56","modified_gmt":"2020-12-22T18:46:56","slug":"conferencia-el-milagro-de-belen","status":"publish","type":"post","link":"https:\/\/www.parroquiavirgendelcortijo.es\/?p=2341","title":{"rendered":"Conferencia: El milagro de Bel\u00e9n"},"content":{"rendered":"<p>La <a href=\"https:\/\/www.sandamaso.es\/\" target=\"_blank\" rel=\"noopener noreferrer\">Universidad San D\u00e1maso<\/a> organiza una conferencia-encuentro online sobre el contexto hist\u00f3rico y arqueol\u00f3gico del misterio de Bel\u00e9n el pr\u00f3ximo <strong>lunes, 21 de diciembre, a las 19:00<\/strong>.<\/p>\n<p>Despu\u00e9s de la conferencia, se abrir\u00e1 un di\u00e1logo con los asistentes.<\/p>\n<p>La ponente, Cayetana Johnson, es profesora de Literatura Cristiana y Cl\u00e1sica en San D\u00e1maso y arque\u00f3loga especializada en temas b\u00edblicos. Ha participado en numerosas excavaciones en Tierra Santa.<\/p>\n<p>Os pod\u00e9is conectar a la conferencia instalando la app de\u00a0<a href=\"https:\/\/zoom.us\/\" target=\"_blank\" rel=\"noopener noreferrer\">Zoom<\/a>\u00a0(si a\u00fan no la ten\u00e9is instalada) y sin m\u00e1s que pinchar en este enlace: <a href=\"https:\/\/sandamaso.zoom.us\/j\/96048720086\" target=\"_blank\" rel=\"noopener noreferrer\">https:\/\/sandamaso.zoom.us\/j\/96048720086<\/a><\/p>\n","protected":false},"excerpt":{"rendered":"<p>La Universidad San D\u00e1maso organiza una conferencia-encuentro online sobre el contexto hist\u00f3rico y arqueol\u00f3gico del misterio de Bel\u00e9n el pr\u00f3ximo lunes, 21 de diciembre, a las 19:00. Despu\u00e9s de la &hellip; <a href=\"https:\/\/www.parroquiavirgendelcortijo.es\/?p=2341\" class=\"more-link\">Seguir leyendo <span class=\"screen-reader-text\">Conferencia: El milagro de Bel\u00e9n<\/span> <span class=\"meta-nav\">&rarr;<\/span><\/a><\/p>\n","protected":false},"author":1,"featured_media":2343,"comment_status":"closed","ping_status":"closed","sticky":false,"template":"","format":"standard","meta":{"footnotes":""},"categories":[8,26],"tags":[],"class_list":["post-2341","post","type-post","status-publish","format-standard","has-post-thumbnail","hentry","category-actividades","category-externas"],"jetpack_featured_media_url":"https:\/\/www.parroquiavirgendelcortijo.es\/wp-content\/uploads\/2020\/12\/ext-elMilagroDeBelen-dest.jpg","_links":{"self":[{"href":"https:\/\/www.parroquiavirgendelcortijo.es\/index.php?rest_route=\/wp\/v2\/posts\/2341","targetHints":{"allow":["GET"]}}],"collection":[{"href":"https:\/\/www.parroquiavirgendelcortijo.es\/index.php?rest_route=\/wp\/v2\/posts"}],"about":[{"href":"https:\/\/www.parroquiavirgendelcortijo.es\/index.php?rest_route=\/wp\/v2\/types\/post"}],"author":[{"embeddable":true,"href":"https:\/\/www.parroquiavirgendelcortijo.es\/index.php?rest_route=\/wp\/v2\/users\/1"}],"replies":[{"embeddable":true,"href":"https:\/\/www.parroquiavirgendelcortijo.es\/index.php?rest_route=%2Fwp%2Fv2%2Fcomments&post=2341"}],"version-history":[{"count":2,"href":"https:\/\/www.parroquiavirgendelcortijo.es\/index.php?rest_route=\/wp\/v2\/posts\/2341\/revisions"}],"predecessor-version":[{"id":2344,"href":"https:\/\/www.parroquiavirgendelcortijo.es\/index.php?rest_route=\/wp\/v2\/posts\/2341\/revisions\/2344"}],"wp:featuredmedia":[{"embeddable":true,"href":"https:\/\/www.parroquiavirgendelcortijo.es\/index.php?rest_route=\/wp\/v2\/media\/2343"}],"wp:attachment":[{"href":"https:\/\/www.parroquiavirgendelcortijo.es\/index.php?rest_route=%2Fwp%2Fv2%2Fmedia&parent=2341"}],"wp:term":[{"taxonomy":"category","embeddable":true,"href":"https:\/\/www.parroquiavirgendelcortijo.es\/index.php?rest_route=%2Fwp%2Fv2%2Fcategories&post=2341"},{"taxonomy":"post_tag","embeddable":true,"href":"https:\/\/www.parroquiavirgendelcortijo.es\/index.php?rest_route=%2Fwp%2Fv2%2Ftags&post=2341"}],"curies":[{"name":"wp","href":"https:\/\/api.w.org\/{rel}","templated":true}]}}