{"id":2302,"date":"2020-11-26T00:03:28","date_gmt":"2020-11-25T23:03:28","guid":{"rendered":"http:\/\/www.parroquiavirgendelcortijo.es\/?p=2302"},"modified":"2021-01-02T11:27:41","modified_gmt":"2021-01-02T10:27:41","slug":"transmite-la-fe-a-tus-hijos","status":"publish","type":"post","link":"https:\/\/www.parroquiavirgendelcortijo.es\/?p=2302","title":{"rendered":"Transmite la fe a tus hijos"},"content":{"rendered":"<p>El libro <em><a href=\"https:\/\/bibliotecaonline.es\/collections\/familia\/products\/transmite-la-fe-a-tus-hijos-o-nietos\" target=\"_blank\" rel=\"noopener noreferrer\">Transmite la fe a tus hijos (o nietos)<\/a><\/em>\u00a0se dirige especialmente a los\u00a0padres de familia j\u00f3venes\u00a0que desean acompa\u00f1ar a sus\u00a0hijos durante la infancia (de 0 a 12 a\u00f1os)\u00a0en el crecimiento del don de la fe.<\/p>\n<p>Pocas tareas son m\u00e1s importantes en la Iglesia de hoy que la implantaci\u00f3n y desarrollo de Catequesis Familiares, porque la transmisi\u00f3n de la fe m\u00e1s eficaz es la que se recibe en el propio hogar.<\/p>\n<p>Los autores, los sacerdotes Pedro de la Herr\u00e1n y Pedro Chiesa, y Gloria Gal\u00e1n, madre y graduada en Magisterio, son especialistas en la materia y presentan propuestas accesibles y atractivas para iniciar a nuestros hijos en la vida cristiana.<\/p>\n<p>El libro est\u00e1 disponible librer\u00edas y\u00a0en la web de la editorial,\u00a0<a href=\"https:\/\/bibliotecaonline.es\/\" target=\"_blank\" rel=\"noopener noreferrer\">https:\/\/bibliotecaonline.es<\/a>, a tan solo 15\u20ac \u00a0(rebaja especial\u00a0hasta el 7 de enero; antes, 21\u20ac).<\/p>\n","protected":false},"excerpt":{"rendered":"<p>El libro Transmite la fe a tus hijos (o nietos)\u00a0se dirige especialmente a los\u00a0padres de familia j\u00f3venes\u00a0que desean acompa\u00f1ar a sus\u00a0hijos durante la infancia (de 0 a 12 a\u00f1os)\u00a0en el &hellip; <a href=\"https:\/\/www.parroquiavirgendelcortijo.es\/?p=2302\" class=\"more-link\">Seguir leyendo <span class=\"screen-reader-text\">Transmite la fe a tus hijos<\/span> <span class=\"meta-nav\">&rarr;<\/span><\/a><\/p>\n","protected":false},"author":1,"featured_media":2303,"comment_status":"closed","ping_status":"closed","sticky":false,"template":"","format":"standard","meta":{"footnotes":""},"categories":[9],"tags":[],"class_list":["post-2302","post","type-post","status-publish","format-standard","has-post-thumbnail","hentry","category-pastoral"],"jetpack_featured_media_url":"https:\/\/www.parroquiavirgendelcortijo.es\/wp-content\/uploads\/2020\/11\/gral-transmiteLaFeATusHijos-dest.gif","_links":{"self":[{"href":"https:\/\/www.parroquiavirgendelcortijo.es\/index.php?rest_route=\/wp\/v2\/posts\/2302","targetHints":{"allow":["GET"]}}],"collection":[{"href":"https:\/\/www.parroquiavirgendelcortijo.es\/index.php?rest_route=\/wp\/v2\/posts"}],"about":[{"href":"https:\/\/www.parroquiavirgendelcortijo.es\/index.php?rest_route=\/wp\/v2\/types\/post"}],"author":[{"embeddable":true,"href":"https:\/\/www.parroquiavirgendelcortijo.es\/index.php?rest_route=\/wp\/v2\/users\/1"}],"replies":[{"embeddable":true,"href":"https:\/\/www.parroquiavirgendelcortijo.es\/index.php?rest_route=%2Fwp%2Fv2%2Fcomments&post=2302"}],"version-history":[{"count":2,"href":"https:\/\/www.parroquiavirgendelcortijo.es\/index.php?rest_route=\/wp\/v2\/posts\/2302\/revisions"}],"predecessor-version":[{"id":2305,"href":"https:\/\/www.parroquiavirgendelcortijo.es\/index.php?rest_route=\/wp\/v2\/posts\/2302\/revisions\/2305"}],"wp:featuredmedia":[{"embeddable":true,"href":"https:\/\/www.parroquiavirgendelcortijo.es\/index.php?rest_route=\/wp\/v2\/media\/2303"}],"wp:attachment":[{"href":"https:\/\/www.parroquiavirgendelcortijo.es\/index.php?rest_route=%2Fwp%2Fv2%2Fmedia&parent=2302"}],"wp:term":[{"taxonomy":"category","embeddable":true,"href":"https:\/\/www.parroquiavirgendelcortijo.es\/index.php?rest_route=%2Fwp%2Fv2%2Fcategories&post=2302"},{"taxonomy":"post_tag","embeddable":true,"href":"https:\/\/www.parroquiavirgendelcortijo.es\/index.php?rest_route=%2Fwp%2Fv2%2Ftags&post=2302"}],"curies":[{"name":"wp","href":"https:\/\/api.w.org\/{rel}","templated":true}]}}