{"id":2292,"date":"2020-11-21T00:41:24","date_gmt":"2020-11-20T23:41:24","guid":{"rendered":"http:\/\/www.parroquiavirgendelcortijo.es\/?p=2292"},"modified":"2021-10-09T08:53:20","modified_gmt":"2021-10-09T06:53:20","slug":"viii-concurso-dibuja-y-escribe-la-navidad","status":"publish","type":"post","link":"https:\/\/www.parroquiavirgendelcortijo.es\/?p=2292","title":{"rendered":"VIII Concurso \u00abDibuja y escribe la Navidad\u00bb"},"content":{"rendered":"<p>Los m\u00e1s peque\u00f1os de la parroquia tienen la oportunidad de demostrar su talento dibujando y escribiendo la Navidad. Con sus l\u00e1pices de colores, rotuladores, ceras, pinturas, purpurina&#8230; tienen la oportunidad de plasmar lo que, para ellos, supone la Navidad, momento de gran alegr\u00eda en el que va a nacer nuestro mejor amigo, Jes\u00fas.<\/p>\n<h3>Participantes<\/h3>\n<p>Ni\u00f1os y ni\u00f1as de catequesis de la parroquia de Virgen del Cortijo.<\/p>\n<h3>Categor\u00edas<\/h3>\n<ul>\n<li><strong>Categor\u00eda A<\/strong>: Primero de Comuni\u00f3n.<\/li>\n<li><strong>Categor\u00eda B<\/strong>: Segundo de Comuni\u00f3n.<\/li>\n<li><strong>Categor\u00eda C<\/strong>: Tercero de Comuni\u00f3n.<\/li>\n<li><strong>Categor\u00eda D<\/strong>: Confirmaci\u00f3n.<\/li>\n<\/ul>\n<h3>Premios<\/h3>\n<ul>\n<li><strong>Concurso <em>Dibuja<\/em><\/strong>: al primer clasificado de cada categor\u00eda. Se entregar\u00e1 un premio.<\/li>\n<li><strong>Concurso <em>Escribe<\/em><\/strong>: al primer clasificado de cada categor\u00eda. Se entregar\u00e1 un premio.<\/li>\n<li><strong>Premio especial del Concurso <em>Dibuja<\/em><\/strong>: al mejor dibujo de las cuatro categor\u00edas. Ese dibujo ser\u00e1 el que la parroquia utilice en su felicitaci\u00f3n oficial de\u00a0la pr\u00f3xima Navidad.<\/li>\n<li><strong>Premio especial Concurso <em>Escribe<\/em><\/strong>: al mejor escrito de las cuatro categor\u00edas. Ese escrito ser\u00e1 el que la Parroquia utilice en su felicitaci\u00f3n oficial de\u00a0la pr\u00f3xima Navidad.<\/li>\n<\/ul>\n<h3>Plazo y modo de entrega de los dibujos y escritos de felicitaci\u00f3n navide\u00f1a<\/h3>\n<p>Se entregar\u00e1n a las catequistas. La fecha l\u00edmite para la entrega de los originales ser\u00e1 en el ensayo general del Festival de Navidad, el martes, 15 de diciembre.<\/p>\n<p>Los trabajos se deben entregar en un solo folio (DIN A4) en blanco, doblado por la mitad como si fuera una felicitaci\u00f3n navide\u00f1a, organizados de la siguiente manera:<\/p>\n<ul>\n<li><strong>el dibujo<\/strong>, en la portada y orientado de manera horizontal. Tema: la Navidad Cristiana.<\/li>\n<li><strong>el escrito<\/strong>, en la siguiente cara a la de la portada, como si fuera su p\u00e1gina 1 y tambi\u00e9n de forma horizontal. No debe de tener m\u00e1s de 5 l\u00edneas. Se trata de decir, con sus propias palabras, el significado de la Navidad.<\/li>\n<\/ul>\n<p>S\u00f3lo se admitir\u00e1 a concurso una felicitaci\u00f3n, con dibujo y escrito, por participante.<\/p>\n<p>En cada felicitaci\u00f3n deber\u00e1 constar, en la parte de atr\u00e1s a la del escrito:<\/p>\n<ul>\n<li>nombre y apellidos del concursante<\/li>\n<li>categor\u00eda en la que participa, curso, y nombre de sus catequistas<\/li>\n<\/ul>\n<p>El fallo del jurado se har\u00e1 p\u00fablico el domingo, 20 de diciembre, a las 17:30, en el Festival de Navidad.<\/p>\n<p>Todas las felicitaciones ser\u00e1n expuestas en la parroquia para que podamos disfrutar de ellas.<\/p>\n<p>Las decisiones del jurado ser\u00e1n inapelables.<\/p>\n<p>\u00a1Muchas gracias por participar!<\/p>\n<p>&nbsp;<\/p>\n<p><span style=\"color: #999999;\">Imagen de <a href=\"https:\/\/unsplash.com\/photos\/3kBtYrZ0-hw\" target=\"_blank\" rel=\"noopener noreferrer\">Kristin Brown<\/a>, en <a href=\"https:\/\/unsplash.com\/\" target=\"_blank\" rel=\"noopener noreferrer\">Unsplash<\/a>. Encuadre.<\/span><\/p>\n","protected":false},"excerpt":{"rendered":"<p>Los m\u00e1s peque\u00f1os de la parroquia tienen la oportunidad de demostrar su talento dibujando y escribiendo la Navidad. Con sus l\u00e1pices de colores, rotuladores, ceras, pinturas, purpurina&#8230; tienen la oportunidad &hellip; <a href=\"https:\/\/www.parroquiavirgendelcortijo.es\/?p=2292\" class=\"more-link\">Seguir leyendo <span class=\"screen-reader-text\">VIII Concurso \u00abDibuja y escribe la Navidad\u00bb<\/span> <span class=\"meta-nav\">&rarr;<\/span><\/a><\/p>\n","protected":false},"author":1,"featured_media":2294,"comment_status":"closed","ping_status":"closed","sticky":false,"template":"","format":"standard","meta":{"footnotes":""},"categories":[6,34],"tags":[],"class_list":["post-2292","post","type-post","status-publish","format-standard","has-post-thumbnail","hentry","category-catequesis","category-c-oratorio"],"jetpack_featured_media_url":"https:\/\/www.parroquiavirgendelcortijo.es\/wp-content\/uploads\/2020\/11\/cat-concursoDibujoRedaccion2020.jpg","_links":{"self":[{"href":"https:\/\/www.parroquiavirgendelcortijo.es\/index.php?rest_route=\/wp\/v2\/posts\/2292","targetHints":{"allow":["GET"]}}],"collection":[{"href":"https:\/\/www.parroquiavirgendelcortijo.es\/index.php?rest_route=\/wp\/v2\/posts"}],"about":[{"href":"https:\/\/www.parroquiavirgendelcortijo.es\/index.php?rest_route=\/wp\/v2\/types\/post"}],"author":[{"embeddable":true,"href":"https:\/\/www.parroquiavirgendelcortijo.es\/index.php?rest_route=\/wp\/v2\/users\/1"}],"replies":[{"embeddable":true,"href":"https:\/\/www.parroquiavirgendelcortijo.es\/index.php?rest_route=%2Fwp%2Fv2%2Fcomments&post=2292"}],"version-history":[{"count":3,"href":"https:\/\/www.parroquiavirgendelcortijo.es\/index.php?rest_route=\/wp\/v2\/posts\/2292\/revisions"}],"predecessor-version":[{"id":2301,"href":"https:\/\/www.parroquiavirgendelcortijo.es\/index.php?rest_route=\/wp\/v2\/posts\/2292\/revisions\/2301"}],"wp:featuredmedia":[{"embeddable":true,"href":"https:\/\/www.parroquiavirgendelcortijo.es\/index.php?rest_route=\/wp\/v2\/media\/2294"}],"wp:attachment":[{"href":"https:\/\/www.parroquiavirgendelcortijo.es\/index.php?rest_route=%2Fwp%2Fv2%2Fmedia&parent=2292"}],"wp:term":[{"taxonomy":"category","embeddable":true,"href":"https:\/\/www.parroquiavirgendelcortijo.es\/index.php?rest_route=%2Fwp%2Fv2%2Fcategories&post=2292"},{"taxonomy":"post_tag","embeddable":true,"href":"https:\/\/www.parroquiavirgendelcortijo.es\/index.php?rest_route=%2Fwp%2Fv2%2Ftags&post=2292"}],"curies":[{"name":"wp","href":"https:\/\/api.w.org\/{rel}","templated":true}]}}