{"id":2284,"date":"2020-11-21T00:19:51","date_gmt":"2020-11-20T23:19:51","guid":{"rendered":"http:\/\/www.parroquiavirgendelcortijo.es\/?p=2284"},"modified":"2020-12-12T06:18:15","modified_gmt":"2020-12-12T05:18:15","slug":"campana-de-recogida-de-alimentos","status":"publish","type":"post","link":"https:\/\/www.parroquiavirgendelcortijo.es\/?p=2284","title":{"rendered":"Campa\u00f1a de recogida de alimentos"},"content":{"rendered":"<p>C\u00e1ritas Parroquial y la <a href=\"http:\/\/www.virgencortijo.org\/\" target=\"_blank\" rel=\"noopener noreferrer\">Asociaci\u00f3n de vecinos de Virgen del Cortijo<\/a>, en colaboraci\u00f3n con <a href=\"https:\/\/www.dia.es\/compra-online\/\" target=\"_blank\" rel=\"noopener noreferrer\">Dia<\/a> y con Supermercados Villa de Madrid, organizan una campa\u00f1a de recogida de alimentos de cara a la Navidad.<\/p>\n<p>La recogida se realizar\u00e1 los 9, 10 y 11 de diciembre, durante todo el d\u00eda. Se necesitan alimentos no perecederos y productos navide\u00f1os.<\/p>\n<p><img loading=\"lazy\" decoding=\"async\" class=\"aligncenter size-large wp-image-2286\" src=\"http:\/\/www.parroquiavirgendelcortijo.es\/wp-content\/uploads\/2020\/11\/gral-cartelRecogidaDeAlimentosNavidad2020-725x1024.jpg\" alt=\"\" width=\"474\" height=\"669\" srcset=\"https:\/\/www.parroquiavirgendelcortijo.es\/wp-content\/uploads\/2020\/11\/gral-cartelRecogidaDeAlimentosNavidad2020-725x1024.jpg 725w, https:\/\/www.parroquiavirgendelcortijo.es\/wp-content\/uploads\/2020\/11\/gral-cartelRecogidaDeAlimentosNavidad2020-212x300.jpg 212w, https:\/\/www.parroquiavirgendelcortijo.es\/wp-content\/uploads\/2020\/11\/gral-cartelRecogidaDeAlimentosNavidad2020-768x1085.jpg 768w, https:\/\/www.parroquiavirgendelcortijo.es\/wp-content\/uploads\/2020\/11\/gral-cartelRecogidaDeAlimentosNavidad2020.jpg 1072w\" sizes=\"auto, (max-width: 474px) 100vw, 474px\" \/><\/p>\n<p>Si alguien prefiriera hacer una contribuci\u00f3n econ\u00f3mica en lugar de en especie (alimentos),\u00a0puede hacer su donaci\u00f3n en la siguiente cuenta corriente:<\/p>\n<ul>\n<li>Titular: Donativos Parroquia Virgen del Cortijo \u00abC\u00e1ritas\u00bb<\/li>\n<li>N\u00famero de Cuenta: ES20 2100 2709 6501 0031 9632 (CaixaBank)<\/li>\n<\/ul>\n<p>&nbsp;<\/p>\n<p><span style=\"color: #999999;\">Imagen de <a href=\"https:\/\/unsplash.com\/photos\/ivfp_yxZuYQ\" target=\"_blank\" rel=\"noopener noreferrer\">Franki Chamaki<\/a> en <a href=\"https:\/\/unsplash.com\" target=\"_blank\" rel=\"noopener noreferrer\">Unsplash<\/a>. Encuadre.<\/span><\/p>\n","protected":false},"excerpt":{"rendered":"<p>C\u00e1ritas Parroquial y la Asociaci\u00f3n de vecinos de Virgen del Cortijo, en colaboraci\u00f3n con Dia y con Supermercados Villa de Madrid, organizan una campa\u00f1a de recogida de alimentos de cara &hellip; <a href=\"https:\/\/www.parroquiavirgendelcortijo.es\/?p=2284\" class=\"more-link\">Seguir leyendo <span class=\"screen-reader-text\">Campa\u00f1a de recogida de alimentos<\/span> <span class=\"meta-nav\">&rarr;<\/span><\/a><\/p>\n","protected":false},"author":1,"featured_media":2285,"comment_status":"closed","ping_status":"closed","sticky":false,"template":"","format":"standard","meta":{"footnotes":""},"categories":[23],"tags":[],"class_list":["post-2284","post","type-post","status-publish","format-standard","has-post-thumbnail","hentry","category-caritas"],"jetpack_featured_media_url":"https:\/\/www.parroquiavirgendelcortijo.es\/wp-content\/uploads\/2020\/11\/gral-recogidaDeAlimentosNavidad2020-dest.jpg","_links":{"self":[{"href":"https:\/\/www.parroquiavirgendelcortijo.es\/index.php?rest_route=\/wp\/v2\/posts\/2284","targetHints":{"allow":["GET"]}}],"collection":[{"href":"https:\/\/www.parroquiavirgendelcortijo.es\/index.php?rest_route=\/wp\/v2\/posts"}],"about":[{"href":"https:\/\/www.parroquiavirgendelcortijo.es\/index.php?rest_route=\/wp\/v2\/types\/post"}],"author":[{"embeddable":true,"href":"https:\/\/www.parroquiavirgendelcortijo.es\/index.php?rest_route=\/wp\/v2\/users\/1"}],"replies":[{"embeddable":true,"href":"https:\/\/www.parroquiavirgendelcortijo.es\/index.php?rest_route=%2Fwp%2Fv2%2Fcomments&post=2284"}],"version-history":[{"count":1,"href":"https:\/\/www.parroquiavirgendelcortijo.es\/index.php?rest_route=\/wp\/v2\/posts\/2284\/revisions"}],"predecessor-version":[{"id":2287,"href":"https:\/\/www.parroquiavirgendelcortijo.es\/index.php?rest_route=\/wp\/v2\/posts\/2284\/revisions\/2287"}],"wp:featuredmedia":[{"embeddable":true,"href":"https:\/\/www.parroquiavirgendelcortijo.es\/index.php?rest_route=\/wp\/v2\/media\/2285"}],"wp:attachment":[{"href":"https:\/\/www.parroquiavirgendelcortijo.es\/index.php?rest_route=%2Fwp%2Fv2%2Fmedia&parent=2284"}],"wp:term":[{"taxonomy":"category","embeddable":true,"href":"https:\/\/www.parroquiavirgendelcortijo.es\/index.php?rest_route=%2Fwp%2Fv2%2Fcategories&post=2284"},{"taxonomy":"post_tag","embeddable":true,"href":"https:\/\/www.parroquiavirgendelcortijo.es\/index.php?rest_route=%2Fwp%2Fv2%2Ftags&post=2284"}],"curies":[{"name":"wp","href":"https:\/\/api.w.org\/{rel}","templated":true}]}}