{"id":2281,"date":"2020-11-19T08:24:07","date_gmt":"2020-11-19T07:24:07","guid":{"rendered":"http:\/\/www.parroquiavirgendelcortijo.es\/?p=2281"},"modified":"2020-11-27T22:00:42","modified_gmt":"2020-11-27T21:00:42","slug":"campana-de-recogida-de-juguetes","status":"publish","type":"post","link":"https:\/\/www.parroquiavirgendelcortijo.es\/?p=2281","title":{"rendered":"Campa\u00f1a de recogida de juguetes"},"content":{"rendered":"<p>La asociaci\u00f3n <a href=\"https:\/\/nnssmadrid.wordpress.com\/\" target=\"_blank\" rel=\"noopener noreferrer\">Ning\u00fan ni\u00f1o sin sonrisa<\/a>, organiza una campa\u00f1a de recogida de juguetes entre los d\u00edas 23 y 27 de noviembre. Los juguetes, si son de segunda mano, deben estar en buen estado (como ellos mismos dicen: <em>antes de traer un juguete de segunda mano, piense si los Reyes Magos se lo dar\u00edan a su hijo<\/em>).<\/p>\n<p>Por motivo del COVID-19, las normas de recogida de este a\u00f1o son un poco m\u00e1s exigentes:<\/p>\n<ul>\n<li>cada juguete debe entregarse, con todas sus piezas, en una bolsa transparente y separado de otros juegos y<\/li>\n<li>el conjunto de la donaci\u00f3n deber\u00e1 ir en una caja de tama\u00f1o est\u00e1ndar para facilitar su almacenaje y desinfecci\u00f3n<\/li>\n<\/ul>\n<p>Las horas de recogida de juguetes son de 11:00 a 13:00 y de 18:00 a 20:00. Para m\u00e1s informaci\u00f3n, consultar la web de <a href=\"https:\/\/nnssmadrid.wordpress.com\/\" target=\"_blank\" rel=\"noopener noreferrer\">Ning\u00fan ni\u00f1o sin sonrisa<\/a> o mandar un WhatsApp (<span style=\"text-decoration: underline;\"><strong>no<\/strong><\/span> llamadas) al tel\u00e9fono 693479699.<\/p>\n<p>\u00a1Gracias por vuestra generosidad!<\/p>\n<p>&nbsp;<\/p>\n<p><span style=\"color: #999999;\">Imagen de <a href=\"https:\/\/unsplash.com\/photos\/2DTE3ePfnD8\" target=\"_blank\" rel=\"noopener noreferrer\">Pro Church Media<\/a> en <a href=\"https:\/\/unsplash.com\/\" target=\"_blank\" rel=\"noopener noreferrer\">Unsplash<\/a>.<\/span><\/p>\n","protected":false},"excerpt":{"rendered":"<p>La asociaci\u00f3n Ning\u00fan ni\u00f1o sin sonrisa, organiza una campa\u00f1a de recogida de juguetes entre los d\u00edas 23 y 27 de noviembre. Los juguetes, si son de segunda mano, deben estar &hellip; <a href=\"https:\/\/www.parroquiavirgendelcortijo.es\/?p=2281\" class=\"more-link\">Seguir leyendo <span class=\"screen-reader-text\">Campa\u00f1a de recogida de juguetes<\/span> <span class=\"meta-nav\">&rarr;<\/span><\/a><\/p>\n","protected":false},"author":1,"featured_media":2282,"comment_status":"closed","ping_status":"closed","sticky":false,"template":"","format":"standard","meta":{"footnotes":""},"categories":[22],"tags":[],"class_list":["post-2281","post","type-post","status-publish","format-standard","has-post-thumbnail","hentry","category-avisos"],"jetpack_featured_media_url":"https:\/\/www.parroquiavirgendelcortijo.es\/wp-content\/uploads\/2020\/11\/gral-recogidaDeJuguetes2020-dest.jpg","_links":{"self":[{"href":"https:\/\/www.parroquiavirgendelcortijo.es\/index.php?rest_route=\/wp\/v2\/posts\/2281","targetHints":{"allow":["GET"]}}],"collection":[{"href":"https:\/\/www.parroquiavirgendelcortijo.es\/index.php?rest_route=\/wp\/v2\/posts"}],"about":[{"href":"https:\/\/www.parroquiavirgendelcortijo.es\/index.php?rest_route=\/wp\/v2\/types\/post"}],"author":[{"embeddable":true,"href":"https:\/\/www.parroquiavirgendelcortijo.es\/index.php?rest_route=\/wp\/v2\/users\/1"}],"replies":[{"embeddable":true,"href":"https:\/\/www.parroquiavirgendelcortijo.es\/index.php?rest_route=%2Fwp%2Fv2%2Fcomments&post=2281"}],"version-history":[{"count":2,"href":"https:\/\/www.parroquiavirgendelcortijo.es\/index.php?rest_route=\/wp\/v2\/posts\/2281\/revisions"}],"predecessor-version":[{"id":2296,"href":"https:\/\/www.parroquiavirgendelcortijo.es\/index.php?rest_route=\/wp\/v2\/posts\/2281\/revisions\/2296"}],"wp:featuredmedia":[{"embeddable":true,"href":"https:\/\/www.parroquiavirgendelcortijo.es\/index.php?rest_route=\/wp\/v2\/media\/2282"}],"wp:attachment":[{"href":"https:\/\/www.parroquiavirgendelcortijo.es\/index.php?rest_route=%2Fwp%2Fv2%2Fmedia&parent=2281"}],"wp:term":[{"taxonomy":"category","embeddable":true,"href":"https:\/\/www.parroquiavirgendelcortijo.es\/index.php?rest_route=%2Fwp%2Fv2%2Fcategories&post=2281"},{"taxonomy":"post_tag","embeddable":true,"href":"https:\/\/www.parroquiavirgendelcortijo.es\/index.php?rest_route=%2Fwp%2Fv2%2Ftags&post=2281"}],"curies":[{"name":"wp","href":"https:\/\/api.w.org\/{rel}","templated":true}]}}