{"id":2251,"date":"2020-10-18T17:42:38","date_gmt":"2020-10-18T15:42:38","guid":{"rendered":"http:\/\/www.parroquiavirgendelcortijo.es\/?p=2251"},"modified":"2020-11-21T00:20:03","modified_gmt":"2020-11-20T23:20:03","slug":"plan-diocesano-misionero-2019-2022","status":"publish","type":"post","link":"https:\/\/www.parroquiavirgendelcortijo.es\/?p=2251","title":{"rendered":"Plan Diocesano Misionero 2019-2022"},"content":{"rendered":"<p>Este martes, 20 de octubre, tendr\u00e1 lugar la presentaci\u00f3n del 2\u00ba a\u00f1o del <a href=\"https:\/\/plandiocesanomisionero.com\/\" target=\"_blank\" rel=\"noopener noreferrer\">Plan Diocesano Misionero<\/a>\u00a0y se podr\u00e1 seguir <a href=\"https:\/\/www.youtube.com\/watch?v=ZqY9P3zBOec\" target=\"_blank\" rel=\"noopener noreferrer\">en directo a trav\u00e9s de YouTube<\/a>.<\/p>\n<blockquote><p>Llega el momento de comenzar el curso 2020-2021 y con \u00e9l la necesidad de retomar el Plan Diocesano Misionero. Con el mismo esp\u00edritu que ya anim\u00f3 el Plan Diocesano de Evangelizaci\u00f3n, sigue siendo v\u00e1lido el lema: Entre todos, con todos y para todos.<\/p>\n<p>Discernir entre todos, con todos y para fodos, los caminos por donde el Se\u00f1or nos invita a caminar, \u00abQuiero entrar en tu casa\u00bb, escuchando la Palabra de Dios con la metodolog\u00eda de la lectio divina.<\/p>\n<p>Ciertamente tendremos que adaptar muchas cosas de las que ven\u00edamos haciendo a la hora de organizar los trabajos: n\u00famero de personas en el grupo, videoconferencias u otras f\u00f3rmulas que seguro se os ocurrir\u00e1n, pero siempre con la confianza del salmista <em>Fiado en ti, me meto en la refriega, fiado en mi Dios, asalto la muralla<\/em> (<a href=\"https:\/\/conferenciaepiscopal.es\/biblia\/salmos\/#cap18%20(17)\" target=\"_blank\" rel=\"noopener noreferrer\">Salmo 18 [17] 30<\/a>).<\/p><\/blockquote>\n<p>(extracto de la <a href=\"https:\/\/plandiocesanomisionero.com\/images\/Documentos\/PDM\/Carta_D_Carlos_Osoro_Presentaci%C3%B3n_PDM_2.pdf\" target=\"_blank\" rel=\"noopener noreferrer\">carta del cardenal Osoro<\/a>, presentando este 2\u00ba a\u00f1o del Plan Diocesano Misionero)<\/p>\n","protected":false},"excerpt":{"rendered":"<p>Este martes, 20 de octubre, tendr\u00e1 lugar la presentaci\u00f3n del 2\u00ba a\u00f1o del Plan Diocesano Misionero\u00a0y se podr\u00e1 seguir en directo a trav\u00e9s de YouTube. Llega el momento de comenzar &hellip; <a href=\"https:\/\/www.parroquiavirgendelcortijo.es\/?p=2251\" class=\"more-link\">Seguir leyendo <span class=\"screen-reader-text\">Plan Diocesano Misionero 2019-2022<\/span> <span class=\"meta-nav\">&rarr;<\/span><\/a><\/p>\n","protected":false},"author":1,"featured_media":2253,"comment_status":"closed","ping_status":"closed","sticky":false,"template":"","format":"standard","meta":{"footnotes":""},"categories":[9],"tags":[],"class_list":["post-2251","post","type-post","status-publish","format-standard","has-post-thumbnail","hentry","category-pastoral"],"jetpack_featured_media_url":"https:\/\/www.parroquiavirgendelcortijo.es\/wp-content\/uploads\/2020\/10\/302350BB-3D68-435A-9661-B20981A18C25.gif","_links":{"self":[{"href":"https:\/\/www.parroquiavirgendelcortijo.es\/index.php?rest_route=\/wp\/v2\/posts\/2251","targetHints":{"allow":["GET"]}}],"collection":[{"href":"https:\/\/www.parroquiavirgendelcortijo.es\/index.php?rest_route=\/wp\/v2\/posts"}],"about":[{"href":"https:\/\/www.parroquiavirgendelcortijo.es\/index.php?rest_route=\/wp\/v2\/types\/post"}],"author":[{"embeddable":true,"href":"https:\/\/www.parroquiavirgendelcortijo.es\/index.php?rest_route=\/wp\/v2\/users\/1"}],"replies":[{"embeddable":true,"href":"https:\/\/www.parroquiavirgendelcortijo.es\/index.php?rest_route=%2Fwp%2Fv2%2Fcomments&post=2251"}],"version-history":[{"count":4,"href":"https:\/\/www.parroquiavirgendelcortijo.es\/index.php?rest_route=\/wp\/v2\/posts\/2251\/revisions"}],"predecessor-version":[{"id":2256,"href":"https:\/\/www.parroquiavirgendelcortijo.es\/index.php?rest_route=\/wp\/v2\/posts\/2251\/revisions\/2256"}],"wp:featuredmedia":[{"embeddable":true,"href":"https:\/\/www.parroquiavirgendelcortijo.es\/index.php?rest_route=\/wp\/v2\/media\/2253"}],"wp:attachment":[{"href":"https:\/\/www.parroquiavirgendelcortijo.es\/index.php?rest_route=%2Fwp%2Fv2%2Fmedia&parent=2251"}],"wp:term":[{"taxonomy":"category","embeddable":true,"href":"https:\/\/www.parroquiavirgendelcortijo.es\/index.php?rest_route=%2Fwp%2Fv2%2Fcategories&post=2251"},{"taxonomy":"post_tag","embeddable":true,"href":"https:\/\/www.parroquiavirgendelcortijo.es\/index.php?rest_route=%2Fwp%2Fv2%2Ftags&post=2251"}],"curies":[{"name":"wp","href":"https:\/\/api.w.org\/{rel}","templated":true}]}}