{"id":2164,"date":"2020-06-01T21:27:40","date_gmt":"2020-06-01T19:27:40","guid":{"rendered":"http:\/\/www.parroquiavirgendelcortijo.es\/?p=2164"},"modified":"2020-06-11T21:45:16","modified_gmt":"2020-06-11T19:45:16","slug":"misa-bodas-de-oro-y-plata","status":"publish","type":"post","link":"https:\/\/www.parroquiavirgendelcortijo.es\/?p=2164","title":{"rendered":"Misa bodas de oro y plata"},"content":{"rendered":"<p>El domingo, 7 de junio, a las 12:00, tendr\u00e1 lugar la Eucarist\u00eda de Acci\u00f3n de Gracias por los matrimonios que cumplan en 2020 sus 25 y 50 a\u00f1os de vida unidos en el Se\u00f1or.<\/p>\n<p>La Eucarist\u00eda estar\u00e1 presidida por el cardenal Osoro, en la catedral de la Almudena, y ser\u00e1 <a href=\"http:\/\/www.telemadrid.es\/emision-en-directo\/\" target=\"_blank\" rel=\"noopener noreferrer\">retransmitida por Telemadrid<\/a>.<\/p>\n<p><img loading=\"lazy\" decoding=\"async\" class=\"aligncenter size-full wp-image-2167\" src=\"http:\/\/www.parroquiavirgendelcortijo.es\/wp-content\/uploads\/2020\/06\/ext-folletoBodasOroPlata2020.jpg\" alt=\"\" width=\"724\" height=\"1000\" srcset=\"https:\/\/www.parroquiavirgendelcortijo.es\/wp-content\/uploads\/2020\/06\/ext-folletoBodasOroPlata2020.jpg 724w, https:\/\/www.parroquiavirgendelcortijo.es\/wp-content\/uploads\/2020\/06\/ext-folletoBodasOroPlata2020-217x300.jpg 217w\" sizes=\"auto, (max-width: 724px) 100vw, 724px\" \/><\/p>\n<p>Debido al COVID-19, el aforo estar\u00e1 limitado y todos los asistentes deber\u00e1n cumplir con las medidas de seguridad exigidas.<\/p>\n<p>Inscrib\u00edos en <a href=\"https:\/\/delfam.es\/\" target=\"_blank\" rel=\"noopener noreferrer\">la web de la Delegaci\u00f3n de Laicos, Familia y Vida<\/a>, en el tel\u00e9fono 913 665 921 o mandando un correo electr\u00f3nico a <a href=\"mailto:secretaria@delfam.es\">secretaria@delfam.es<\/a>.<\/p>\n<p>Todos los matrimonios inscritos recibir\u00e1n por correo postal un recuerdo de su aniversario.<\/p>\n","protected":false},"excerpt":{"rendered":"<p>El domingo, 7 de junio, a las 12:00, tendr\u00e1 lugar la Eucarist\u00eda de Acci\u00f3n de Gracias por los matrimonios que cumplan en 2020 sus 25 y 50 a\u00f1os de vida &hellip; <a href=\"https:\/\/www.parroquiavirgendelcortijo.es\/?p=2164\" class=\"more-link\">Seguir leyendo <span class=\"screen-reader-text\">Misa bodas de oro y plata<\/span> <span class=\"meta-nav\">&rarr;<\/span><\/a><\/p>\n","protected":false},"author":1,"featured_media":2165,"comment_status":"closed","ping_status":"closed","sticky":false,"template":"","format":"standard","meta":{"footnotes":""},"categories":[8,26,9],"tags":[],"class_list":["post-2164","post","type-post","status-publish","format-standard","has-post-thumbnail","hentry","category-actividades","category-externas","category-pastoral"],"jetpack_featured_media_url":"https:\/\/www.parroquiavirgendelcortijo.es\/wp-content\/uploads\/2020\/06\/ext-bodasDeOro2020-dest.jpg","_links":{"self":[{"href":"https:\/\/www.parroquiavirgendelcortijo.es\/index.php?rest_route=\/wp\/v2\/posts\/2164","targetHints":{"allow":["GET"]}}],"collection":[{"href":"https:\/\/www.parroquiavirgendelcortijo.es\/index.php?rest_route=\/wp\/v2\/posts"}],"about":[{"href":"https:\/\/www.parroquiavirgendelcortijo.es\/index.php?rest_route=\/wp\/v2\/types\/post"}],"author":[{"embeddable":true,"href":"https:\/\/www.parroquiavirgendelcortijo.es\/index.php?rest_route=\/wp\/v2\/users\/1"}],"replies":[{"embeddable":true,"href":"https:\/\/www.parroquiavirgendelcortijo.es\/index.php?rest_route=%2Fwp%2Fv2%2Fcomments&post=2164"}],"version-history":[{"count":2,"href":"https:\/\/www.parroquiavirgendelcortijo.es\/index.php?rest_route=\/wp\/v2\/posts\/2164\/revisions"}],"predecessor-version":[{"id":2168,"href":"https:\/\/www.parroquiavirgendelcortijo.es\/index.php?rest_route=\/wp\/v2\/posts\/2164\/revisions\/2168"}],"wp:featuredmedia":[{"embeddable":true,"href":"https:\/\/www.parroquiavirgendelcortijo.es\/index.php?rest_route=\/wp\/v2\/media\/2165"}],"wp:attachment":[{"href":"https:\/\/www.parroquiavirgendelcortijo.es\/index.php?rest_route=%2Fwp%2Fv2%2Fmedia&parent=2164"}],"wp:term":[{"taxonomy":"category","embeddable":true,"href":"https:\/\/www.parroquiavirgendelcortijo.es\/index.php?rest_route=%2Fwp%2Fv2%2Fcategories&post=2164"},{"taxonomy":"post_tag","embeddable":true,"href":"https:\/\/www.parroquiavirgendelcortijo.es\/index.php?rest_route=%2Fwp%2Fv2%2Ftags&post=2164"}],"curies":[{"name":"wp","href":"https:\/\/api.w.org\/{rel}","templated":true}]}}