{"id":213,"date":"2015-04-11T14:22:42","date_gmt":"2015-04-11T12:22:42","guid":{"rendered":"http:\/\/www.parroquiavirgendelcortijo.es\/?p=213"},"modified":"2015-04-11T14:22:42","modified_gmt":"2015-04-11T12:22:42","slug":"ultimas-plazas-para-la-peregrinacion-a-covadonga","status":"publish","type":"post","link":"https:\/\/www.parroquiavirgendelcortijo.es\/?p=213","title":{"rendered":"\u00daltimas plazas para la peregrinaci\u00f3n a Covadonga"},"content":{"rendered":"<p>Queda s\u00f3lo una semana para la <a title=\"Peregrinaci\u00f3n a Covadonga\" href=\"http:\/\/www.parroquiavirgendelcortijo.es\/?p=140\" target=\"_blank\">peregrinaci\u00f3n a Covadonga<\/a> y todav\u00eda hay plazas disponibles. Si alguien desea apuntarse, que lo haga lo antes posible.<\/p>\n<p><a title=\"La Santina\" href=\"https:\/\/www.flickr.com\/photos\/cirque-du-pablo\/2668779787\/in\/photolist-54QcfB-7A1bbE-bAa7uS-jKd4WB-o8V19F-54PZcv-4J7AkH-jKk4k3-mg3QQW-agwkha-jr9Ttq-fGGa9b-54Q3e2-54Ucob-54Up9N-54Q7V6-jKi9F4-9xhVLp-cwfWBf-54Q4XB-q91fFu-deT8ab-kzsyu-5eZgmv-54UgzL-knzv8v-54UgEG-hfNw1c-9cM3y7-aBX6C2-NgDC-NgCL-Ngx4-4FJbG2-NgxB-c27GCE-8J2sjf-NgBW-NgAb-NgCn-NgFd-NgGj-Ngzs-NgBv-NgEA-NgxZ-NgEc-NgyD-NgAS-NgFV\" target=\"_blank\">Imagen<\/a><span style=\"color: #999999;\"> de Pablo Nicol\u00e1s Taibi Cicare. Encuadre.<\/span><\/p>\n","protected":false},"excerpt":{"rendered":"<p>Queda s\u00f3lo una semana para la peregrinaci\u00f3n a Covadonga y todav\u00eda hay plazas disponibles. Si alguien desea apuntarse, que lo haga lo antes posible. Imagen de Pablo Nicol\u00e1s Taibi Cicare. &hellip; <a href=\"https:\/\/www.parroquiavirgendelcortijo.es\/?p=213\" class=\"more-link\">Seguir leyendo <span class=\"screen-reader-text\">\u00daltimas plazas para la peregrinaci\u00f3n a Covadonga<\/span> <span class=\"meta-nav\">&rarr;<\/span><\/a><\/p>\n","protected":false},"author":1,"featured_media":212,"comment_status":"closed","ping_status":"closed","sticky":false,"template":"","format":"standard","meta":{"footnotes":""},"categories":[8],"tags":[15],"class_list":["post-213","post","type-post","status-publish","format-standard","has-post-thumbnail","hentry","category-actividades","tag-peregrinacion"],"jetpack_featured_media_url":"https:\/\/www.parroquiavirgendelcortijo.es\/wp-content\/uploads\/2015\/04\/act-virgenCovadonga-dest.jpg","_links":{"self":[{"href":"https:\/\/www.parroquiavirgendelcortijo.es\/index.php?rest_route=\/wp\/v2\/posts\/213","targetHints":{"allow":["GET"]}}],"collection":[{"href":"https:\/\/www.parroquiavirgendelcortijo.es\/index.php?rest_route=\/wp\/v2\/posts"}],"about":[{"href":"https:\/\/www.parroquiavirgendelcortijo.es\/index.php?rest_route=\/wp\/v2\/types\/post"}],"author":[{"embeddable":true,"href":"https:\/\/www.parroquiavirgendelcortijo.es\/index.php?rest_route=\/wp\/v2\/users\/1"}],"replies":[{"embeddable":true,"href":"https:\/\/www.parroquiavirgendelcortijo.es\/index.php?rest_route=%2Fwp%2Fv2%2Fcomments&post=213"}],"version-history":[{"count":2,"href":"https:\/\/www.parroquiavirgendelcortijo.es\/index.php?rest_route=\/wp\/v2\/posts\/213\/revisions"}],"predecessor-version":[{"id":215,"href":"https:\/\/www.parroquiavirgendelcortijo.es\/index.php?rest_route=\/wp\/v2\/posts\/213\/revisions\/215"}],"wp:featuredmedia":[{"embeddable":true,"href":"https:\/\/www.parroquiavirgendelcortijo.es\/index.php?rest_route=\/wp\/v2\/media\/212"}],"wp:attachment":[{"href":"https:\/\/www.parroquiavirgendelcortijo.es\/index.php?rest_route=%2Fwp%2Fv2%2Fmedia&parent=213"}],"wp:term":[{"taxonomy":"category","embeddable":true,"href":"https:\/\/www.parroquiavirgendelcortijo.es\/index.php?rest_route=%2Fwp%2Fv2%2Fcategories&post=213"},{"taxonomy":"post_tag","embeddable":true,"href":"https:\/\/www.parroquiavirgendelcortijo.es\/index.php?rest_route=%2Fwp%2Fv2%2Ftags&post=213"}],"curies":[{"name":"wp","href":"https:\/\/api.w.org\/{rel}","templated":true}]}}