{"id":2118,"date":"2020-05-11T23:57:46","date_gmt":"2020-05-11T21:57:46","guid":{"rendered":"http:\/\/www.parroquiavirgendelcortijo.es\/?p=2118"},"modified":"2020-07-20T10:33:27","modified_gmt":"2020-07-20T08:33:27","slug":"el-mensaje-de-fatima","status":"publish","type":"post","link":"https:\/\/www.parroquiavirgendelcortijo.es\/?p=2118","title":{"rendered":"El mensaje de F\u00e1tima"},"content":{"rendered":"<p>El 13 de mayo se celebra en todo el mundo la Fiesta de la Virgen de F\u00e1tima, en memoria de su primera aparici\u00f3n en Cova da Ir\u00eda (F\u00e1tima, Portugal), en 1917.<\/p>\n<p>Filipa Cunha, gran conocedora del tema, nos ofrece una <a href=\"https:\/\/www.youtube.com\/watch?v=hTPMOCDrSa8\" target=\"_blank\" rel=\"noopener noreferrer\">breve reflexi\u00f3n sobre el mensaje de F\u00e1tima, en v\u00eddeo<\/a>.<\/p>\n<p>Si os gusta, lo pod\u00e9is difundir.<\/p>\n<p>&nbsp;<\/p>\n<p><span style=\"color: #808080;\">Imagen de <a href=\"https:\/\/commons.wikimedia.org\/wiki\/File:Fatima_Mary_IC_Sparks.jpg\" target=\"_blank\" rel=\"noopener noreferrer\">TrappistMonkStuff<\/a>. Encuadre.<\/span><\/p>\n","protected":false},"excerpt":{"rendered":"<p>El 13 de mayo se celebra en todo el mundo la Fiesta de la Virgen de F\u00e1tima, en memoria de su primera aparici\u00f3n en Cova da Ir\u00eda (F\u00e1tima, Portugal), en &hellip; <a href=\"https:\/\/www.parroquiavirgendelcortijo.es\/?p=2118\" class=\"more-link\">Seguir leyendo <span class=\"screen-reader-text\">El mensaje de F\u00e1tima<\/span> <span class=\"meta-nav\">&rarr;<\/span><\/a><\/p>\n","protected":false},"author":1,"featured_media":2119,"comment_status":"closed","ping_status":"closed","sticky":false,"template":"","format":"standard","meta":{"footnotes":""},"categories":[9],"tags":[],"class_list":["post-2118","post","type-post","status-publish","format-standard","has-post-thumbnail","hentry","category-pastoral"],"jetpack_featured_media_url":"https:\/\/www.parroquiavirgendelcortijo.es\/wp-content\/uploads\/2020\/05\/gral-mensajeFatima-dest.jpg","_links":{"self":[{"href":"https:\/\/www.parroquiavirgendelcortijo.es\/index.php?rest_route=\/wp\/v2\/posts\/2118","targetHints":{"allow":["GET"]}}],"collection":[{"href":"https:\/\/www.parroquiavirgendelcortijo.es\/index.php?rest_route=\/wp\/v2\/posts"}],"about":[{"href":"https:\/\/www.parroquiavirgendelcortijo.es\/index.php?rest_route=\/wp\/v2\/types\/post"}],"author":[{"embeddable":true,"href":"https:\/\/www.parroquiavirgendelcortijo.es\/index.php?rest_route=\/wp\/v2\/users\/1"}],"replies":[{"embeddable":true,"href":"https:\/\/www.parroquiavirgendelcortijo.es\/index.php?rest_route=%2Fwp%2Fv2%2Fcomments&post=2118"}],"version-history":[{"count":5,"href":"https:\/\/www.parroquiavirgendelcortijo.es\/index.php?rest_route=\/wp\/v2\/posts\/2118\/revisions"}],"predecessor-version":[{"id":2124,"href":"https:\/\/www.parroquiavirgendelcortijo.es\/index.php?rest_route=\/wp\/v2\/posts\/2118\/revisions\/2124"}],"wp:featuredmedia":[{"embeddable":true,"href":"https:\/\/www.parroquiavirgendelcortijo.es\/index.php?rest_route=\/wp\/v2\/media\/2119"}],"wp:attachment":[{"href":"https:\/\/www.parroquiavirgendelcortijo.es\/index.php?rest_route=%2Fwp%2Fv2%2Fmedia&parent=2118"}],"wp:term":[{"taxonomy":"category","embeddable":true,"href":"https:\/\/www.parroquiavirgendelcortijo.es\/index.php?rest_route=%2Fwp%2Fv2%2Fcategories&post=2118"},{"taxonomy":"post_tag","embeddable":true,"href":"https:\/\/www.parroquiavirgendelcortijo.es\/index.php?rest_route=%2Fwp%2Fv2%2Ftags&post=2118"}],"curies":[{"name":"wp","href":"https:\/\/api.w.org\/{rel}","templated":true}]}}