{"id":2056,"date":"2020-03-14T22:26:45","date_gmt":"2020-03-14T21:26:45","guid":{"rendered":"http:\/\/www.parroquiavirgendelcortijo.es\/?p=2056"},"modified":"2020-04-03T19:30:48","modified_gmt":"2020-04-03T17:30:48","slug":"misas-suprimidas","status":"publish","type":"post","link":"https:\/\/www.parroquiavirgendelcortijo.es\/?p=2056","title":{"rendered":"Misas suprimidas"},"content":{"rendered":"<p>Siguiendo <a href=\"https:\/\/www.archimadrid.org\/index.php\/arzobispo\/cartas\/332-otras-cartas\/9036321-el-arzobispo-determina-la-suspension-de-las-celebraciones-publicas\" target=\"_blank\" rel=\"noopener noreferrer\">las indicaciones del arzobispado de Madrid<\/a>, se suprimen todas las misas hasta nuevo aviso. Tambi\u00e9n se suprimen otras celebraciones p\u00fablicas, como las vigilias de la Adoraci\u00f3n Nocturna.<\/p>\n<p>Todos los fieles quedan dispensados del precepto de asistir a la misa dominical mientras dure la grave crisis. Se nos invita a que\u00a0\u2013reunidos en familia, si es posible\u2013 sigamos la <a href=\"http:\/\/www.parroquiavirgendelcortijo.es\/?p=2044\">celebraci\u00f3n de la misa por radio, televisi\u00f3n o Internet<\/a>.<\/p>\n<p>El templo quedar\u00e1 abierto todos los d\u00edas, de <strong>10:30 a 12:00<\/strong> y de <strong>18:00 a 19:30<\/strong> para la oraci\u00f3n.<\/p>\n<p>El despacho parroquial se atender\u00e1 por tel\u00e9fono, en el 91 766 30 81.<\/p>\n<p>Se ruega cumplir las normas sanitarias para evitar contagios y se nos anima a rezar por los enfermos, los fallecidos y el personal sanitario y a la caridad creativa y l\u00facida hacia los m\u00e1s afectados por la crisis.<\/p>\n<p>&nbsp;<\/p>\n<p><span style=\"color: #999999;\">Imagen del <a href=\"https:\/\/www.cdc.gov\/\" target=\"_blank\" rel=\"noopener noreferrer\">CDC<\/a>.<\/span><\/p>\n","protected":false},"excerpt":{"rendered":"<p>Siguiendo las indicaciones del arzobispado de Madrid, se suprimen todas las misas hasta nuevo aviso. Tambi\u00e9n se suprimen otras celebraciones p\u00fablicas, como las vigilias de la Adoraci\u00f3n Nocturna. Todos los &hellip; <a href=\"https:\/\/www.parroquiavirgendelcortijo.es\/?p=2056\" class=\"more-link\">Seguir leyendo <span class=\"screen-reader-text\">Misas suprimidas<\/span> <span class=\"meta-nav\">&rarr;<\/span><\/a><\/p>\n","protected":false},"author":1,"featured_media":2058,"comment_status":"closed","ping_status":"closed","sticky":false,"template":"","format":"standard","meta":{"footnotes":""},"categories":[22],"tags":[],"class_list":["post-2056","post","type-post","status-publish","format-standard","has-post-thumbnail","hentry","category-avisos"],"jetpack_featured_media_url":"https:\/\/www.parroquiavirgendelcortijo.es\/wp-content\/uploads\/2020\/03\/gral-cancelacionesCoronavirus-dest.jpg","_links":{"self":[{"href":"https:\/\/www.parroquiavirgendelcortijo.es\/index.php?rest_route=\/wp\/v2\/posts\/2056","targetHints":{"allow":["GET"]}}],"collection":[{"href":"https:\/\/www.parroquiavirgendelcortijo.es\/index.php?rest_route=\/wp\/v2\/posts"}],"about":[{"href":"https:\/\/www.parroquiavirgendelcortijo.es\/index.php?rest_route=\/wp\/v2\/types\/post"}],"author":[{"embeddable":true,"href":"https:\/\/www.parroquiavirgendelcortijo.es\/index.php?rest_route=\/wp\/v2\/users\/1"}],"replies":[{"embeddable":true,"href":"https:\/\/www.parroquiavirgendelcortijo.es\/index.php?rest_route=%2Fwp%2Fv2%2Fcomments&post=2056"}],"version-history":[{"count":2,"href":"https:\/\/www.parroquiavirgendelcortijo.es\/index.php?rest_route=\/wp\/v2\/posts\/2056\/revisions"}],"predecessor-version":[{"id":2059,"href":"https:\/\/www.parroquiavirgendelcortijo.es\/index.php?rest_route=\/wp\/v2\/posts\/2056\/revisions\/2059"}],"wp:featuredmedia":[{"embeddable":true,"href":"https:\/\/www.parroquiavirgendelcortijo.es\/index.php?rest_route=\/wp\/v2\/media\/2058"}],"wp:attachment":[{"href":"https:\/\/www.parroquiavirgendelcortijo.es\/index.php?rest_route=%2Fwp%2Fv2%2Fmedia&parent=2056"}],"wp:term":[{"taxonomy":"category","embeddable":true,"href":"https:\/\/www.parroquiavirgendelcortijo.es\/index.php?rest_route=%2Fwp%2Fv2%2Fcategories&post=2056"},{"taxonomy":"post_tag","embeddable":true,"href":"https:\/\/www.parroquiavirgendelcortijo.es\/index.php?rest_route=%2Fwp%2Fv2%2Ftags&post=2056"}],"curies":[{"name":"wp","href":"https:\/\/api.w.org\/{rel}","templated":true}]}}